{"id":36424,"date":"2021-06-23T10:20:06","date_gmt":"2021-06-23T10:20:06","guid":{"rendered":"https:\/\/www.lab.eus\/?p=36424"},"modified":"2021-06-23T10:25:37","modified_gmt":"2021-06-23T10:25:37","slug":"nos-hemos-movilizado-defensa-del-empleo-y-las-condiciones-laborales-dignas-en-araba","status":"publish","type":"post","link":"https:\/\/www.lab.eus\/es\/nos-hemos-movilizado-defensa-del-empleo-y-las-condiciones-laborales-dignas-en-araba\/","title":{"rendered":"Nos hemos movilizado en defensa del empleo y de unas condiciones laborales dignas en Araba"},"content":{"rendered":"\n<p>Hemos realizado una concentraci\u00f3n en la Plaza de la Virgen Blanca de Gasteiz por la defensa del empleo y las condiciones laborales dignas en Araba. Durante este primer semestre del a\u00f1o, los y las trabajadoras hemos tomado las calles, cada uno desde su realidad sectorial, pero todos y todas con un nexo com\u00fan: la defensa del empleo y de las condiciones laborales.&nbsp;&nbsp;<\/p>\n\n\n\n<p>Siempre hemos sido conscientes que solo desde la movilizaci\u00f3n y la confluencia de luchas podremos ir creando las condiciones necesarias para iniciar un cambio en la correlaci\u00f3n de fuerzas, cambio que inexorablemente nos llevar\u00e1 a que este sistema neoliberal tenga cada vez m\u00e1s dificultades en sus estrategias econ\u00f3micas y de empleo.<\/p>\n\n\n\n<p>En estas estrategias neoliberales, el sistema ha primado los intereses del capital por encima de los derechos sociales y laborales. La voracidad del sistema no tiene l\u00edmites si de fortalecer sus posiciones se trata: privatizaciones, despidos, ERES, recortes de derechos en los convenios, contrataciones fraudulentas, discriminaci\u00f3n de las mujeres, siniestralidad laboral\u2026 con resultados especialmente graves en los sectores m\u00e1s feminizados, abocados a soportar la parte m\u00e1s dura de la pandemia y la crisis econ\u00f3mica que de ella emana.<\/p>\n\n\n\n<p>Es por todo ello que las y los trabajadores entienden muy bien la importancia de la movilizaci\u00f3n y la activaci\u00f3n: Alestis, Aernnova, Tubacex, Tubos Reunidos, Mercedes, Olazabal y Huarte, Osakidetza, Consorcio Haurreskolak, educaci\u00f3n primaria, administraci\u00f3n p\u00fablica, residencias p\u00fablicas y privadas, tiempo libre, servicio a domicilio, limpieza, metal y madera de Araba&#8230; una larga lista de empresas y sectores que han tomado la calle durante estos 6 primeros meses del a\u00f1o y siguen haci\u00e9ndolo, como es el caso del comercio, que saldr\u00e1 a la huelga el pr\u00f3ximo 25 de junio.<\/p>\n\n\n\n<p>Cada movilizaci\u00f3n ha sido una denuncia de la falta de implicaci\u00f3n de las instituciones en la defensa del empleo. Una interpelaci\u00f3n a la patronal por sus voraz avaricia a la hora de negociar convenios, aplicar EREs, empeorar condiciones laborales\u2026 y, en base a ello, aumentar sus ganancias.<\/p>\n\n\n\n<p>Hoy nos hemos movilizado de nuevo y seguiremos tomando las calles cada vez que sea necesario. Vamos a pelear en todos los \u00e1mbitos, exigiendo a las administraciones una posici\u00f3n activa en favor de la clase trabajadora, reclamando la derogaci\u00f3n de las reformas laborales, reivindicando unas pensiones justas\u2026 y enviando una mensaje claro a la patronal: en el conflicto entre capital y vida, nos vamos a movilizar por unas vidas dignas.<\/p>\n","protected":false},"excerpt":{"rendered":"<p>Las y los trabajadores entienden muy bien la importancia de la movilizaci\u00f3n y la activaci\u00f3n: Alestis, Aernnova, Tubacex, Tubos Reunidos, Mercedes&#8230; se trata de una larga lista de empresas y sectores que han tomado la calle durante estos 6 primeros meses del a\u00f1o.<\/p>\n","protected":false},"author":1189,"featured_media":36421,"comment_status":"closed","ping_status":"closed","sticky":false,"template":"","format":"standard","meta":{"_monsterinsights_skip_tracking":false,"_monsterinsights_sitenote_active":false,"_monsterinsights_sitenote_note":"","_monsterinsights_sitenote_category":0,"footnotes":"","_links_to":"","_links_to_target":""},"categories":[18,2868,8,6,3283],"tags":[3033,3178,2996,3172,3171],"class_list":{"0":"post-36424","1":"post","2":"type-post","3":"status-publish","4":"format-standard","5":"has-post-thumbnail","7":"category-es-accion-sindical","8":"category-industria-es","9":"category-es-servicios-privados","10":"category-es-servicios-publicos","11":"category-sin-categorizar","12":"tag-accion-sindical-es","13":"tag-destacado-1","14":"tag-industria-es","15":"tag-servicios-privados-es","16":"tag-servicios-publicos-es"},"_links":{"self":[{"href":"https:\/\/www.lab.eus\/es\/wp-json\/wp\/v2\/posts\/36424","targetHints":{"allow":["GET"]}}],"collection":[{"href":"https:\/\/www.lab.eus\/es\/wp-json\/wp\/v2\/posts"}],"about":[{"href":"https:\/\/www.lab.eus\/es\/wp-json\/wp\/v2\/types\/post"}],"author":[{"embeddable":true,"href":"https:\/\/www.lab.eus\/es\/wp-json\/wp\/v2\/users\/1189"}],"replies":[{"embeddable":true,"href":"https:\/\/www.lab.eus\/es\/wp-json\/wp\/v2\/comments?post=36424"}],"version-history":[{"count":0,"href":"https:\/\/www.lab.eus\/es\/wp-json\/wp\/v2\/posts\/36424\/revisions"}],"wp:featuredmedia":[{"embeddable":true,"href":"https:\/\/www.lab.eus\/es\/wp-json\/wp\/v2\/media\/36421"}],"wp:attachment":[{"href":"https:\/\/www.lab.eus\/es\/wp-json\/wp\/v2\/media?parent=36424"}],"wp:term":[{"taxonomy":"category","embeddable":true,"href":"https:\/\/www.lab.eus\/es\/wp-json\/wp\/v2\/categories?post=36424"},{"taxonomy":"post_tag","embeddable":true,"href":"https:\/\/www.lab.eus\/es\/wp-json\/wp\/v2\/tags?post=36424"}],"curies":[{"name":"wp","href":"https:\/\/api.w.org\/{rel}","templated":true}]}}