{"id":36248,"date":"2021-06-18T09:17:06","date_gmt":"2021-06-18T09:17:06","guid":{"rendered":"https:\/\/www.lab.eus\/?p=36248"},"modified":"2021-06-18T09:33:58","modified_gmt":"2021-06-18T09:33:58","slug":"trabajadoras-y-trabajadores-en-lucha-se-vuelven-a-unir-en-defensa-del-empleo","status":"publish","type":"post","link":"https:\/\/www.lab.eus\/es\/trabajadoras-y-trabajadores-en-lucha-se-vuelven-a-unir-en-defensa-del-empleo\/","title":{"rendered":"Trabajadoras y trabajadores en lucha se vuelven a unir en defensa del empleo"},"content":{"rendered":"\n<p>Trabajadoras y trabajadores de Petronor, Bilboko Argiak, Tubacex, Novaltia e ITP-PCB han tomado las calles de Bilbo en defensa del empleo. Est\u00e1 claro que la pol\u00edtica actual y los que gobiernan, tanto en la CAV como en Madrid, act\u00faan en beneficio de la patronal y del capital. La consecuencia clara es la destrucci\u00f3n de empleo y el empeoramiento de las condiciones laborales que est\u00e1n sufriendo en las citadas empresas. Por ello, aplaudiendo la uni\u00f3n de estas y estos trabajadores, nos hemos adherido a la movilizaci\u00f3n.<\/p>\n\n\n\n<p>Mientras tanto, el Gobierno Vasco y Arantxa Tapia est\u00e1n ciegos, mudos y sordos. Es m\u00e1s, debemos denunciar que el departamento m\u00e1s activo es el de Seguridad, que se est\u00e1 dedicando a arremeter contra luchas dignas y detener a trabajadoras y trabajadores combatientes.<\/p>\n\n\n\n<p>Desde LAB tenemos claro que, aunque la derogaci\u00f3n de las reformas sea un paso imprescindible, hay que ir mucho m\u00e1s all\u00e1. Ya es hora de que el gobierno de Urkullu adopte la decisi\u00f3n de defender a los y las trabajadoras de aqu\u00ed. Tenemos que decidir aqu\u00ed el futuro de las y los trabajadores de aqu\u00ed. Es hora de de hablar de pol\u00edticas que sit\u00faen la vida y las personas en el centro.<\/p>\n\n\n\n<figure class=\"wp-block-gallery columns-3 is-cropped wp-block-gallery-1 is-layout-flex wp-block-gallery-is-layout-flex\"><ul class=\"blocks-gallery-grid\"><li class=\"blocks-gallery-item\"><figure><img loading=\"lazy\" decoding=\"async\" width=\"1024\" height=\"768\" src=\"https:\/\/www.lab.eus\/wp-content\/uploads\/2021\/06\/Bilbo3-1024x768.jpeg\" alt=\"\" data-id=\"36256\" data-link=\"https:\/\/www.lab.eus\/borrokan-diren-langileek-bat-egin-dute-berriro-enpleguaren-defentsan\/bilbo3-3\/\" class=\"wp-image-36256\" srcset=\"https:\/\/www.lab.eus\/wp-content\/uploads\/2021\/06\/Bilbo3-1024x768.jpeg 1024w, https:\/\/www.lab.eus\/wp-content\/uploads\/2021\/06\/Bilbo3-300x225.jpeg 300w, https:\/\/www.lab.eus\/wp-content\/uploads\/2021\/06\/Bilbo3-768x576.jpeg 768w, https:\/\/www.lab.eus\/wp-content\/uploads\/2021\/06\/Bilbo3-1536x1152.jpeg 1536w, https:\/\/www.lab.eus\/wp-content\/uploads\/2021\/06\/Bilbo3-150x113.jpeg 150w, https:\/\/www.lab.eus\/wp-content\/uploads\/2021\/06\/Bilbo3-696x522.jpeg 696w, https:\/\/www.lab.eus\/wp-content\/uploads\/2021\/06\/Bilbo3-1068x801.jpeg 1068w, https:\/\/www.lab.eus\/wp-content\/uploads\/2021\/06\/Bilbo3-1920x1440.jpeg 1920w, https:\/\/www.lab.eus\/wp-content\/uploads\/2021\/06\/Bilbo3-560x420.jpeg 560w, https:\/\/www.lab.eus\/wp-content\/uploads\/2021\/06\/Bilbo3-80x60.jpeg 80w, https:\/\/www.lab.eus\/wp-content\/uploads\/2021\/06\/Bilbo3-265x198.jpeg 265w, https:\/\/www.lab.eus\/wp-content\/uploads\/2021\/06\/Bilbo3.jpeg 2000w\" sizes=\"auto, (max-width: 1024px) 100vw, 1024px\" \/><\/figure><\/li><li class=\"blocks-gallery-item\"><figure><img loading=\"lazy\" decoding=\"async\" width=\"1018\" height=\"717\" src=\"https:\/\/www.lab.eus\/wp-content\/uploads\/2021\/06\/Bilbo2.jpeg\" alt=\"\" data-id=\"36254\" data-link=\"https:\/\/www.lab.eus\/borrokan-diren-langileek-bat-egin-dute-berriro-enpleguaren-defentsan\/bilbo2-2-2\/\" class=\"wp-image-36254\" srcset=\"https:\/\/www.lab.eus\/wp-content\/uploads\/2021\/06\/Bilbo2.jpeg 1018w, https:\/\/www.lab.eus\/wp-content\/uploads\/2021\/06\/Bilbo2-300x211.jpeg 300w, https:\/\/www.lab.eus\/wp-content\/uploads\/2021\/06\/Bilbo2-768x541.jpeg 768w, https:\/\/www.lab.eus\/wp-content\/uploads\/2021\/06\/Bilbo2-150x106.jpeg 150w, https:\/\/www.lab.eus\/wp-content\/uploads\/2021\/06\/Bilbo2-696x490.jpeg 696w, https:\/\/www.lab.eus\/wp-content\/uploads\/2021\/06\/Bilbo2-596x420.jpeg 596w, https:\/\/www.lab.eus\/wp-content\/uploads\/2021\/06\/Bilbo2-100x70.jpeg 100w\" sizes=\"auto, (max-width: 1018px) 100vw, 1018px\" \/><\/figure><\/li><li class=\"blocks-gallery-item\"><figure><img loading=\"lazy\" decoding=\"async\" width=\"1024\" height=\"768\" src=\"https:\/\/www.lab.eus\/wp-content\/uploads\/2021\/06\/Bilbo4-1024x768.jpeg\" alt=\"\" data-id=\"36258\" data-link=\"https:\/\/www.lab.eus\/borrokan-diren-langileek-bat-egin-dute-berriro-enpleguaren-defentsan\/bilbo4-3\/\" class=\"wp-image-36258\" srcset=\"https:\/\/www.lab.eus\/wp-content\/uploads\/2021\/06\/Bilbo4-1024x768.jpeg 1024w, https:\/\/www.lab.eus\/wp-content\/uploads\/2021\/06\/Bilbo4-300x225.jpeg 300w, https:\/\/www.lab.eus\/wp-content\/uploads\/2021\/06\/Bilbo4-768x576.jpeg 768w, https:\/\/www.lab.eus\/wp-content\/uploads\/2021\/06\/Bilbo4-1536x1152.jpeg 1536w, https:\/\/www.lab.eus\/wp-content\/uploads\/2021\/06\/Bilbo4-150x113.jpeg 150w, https:\/\/www.lab.eus\/wp-content\/uploads\/2021\/06\/Bilbo4-696x522.jpeg 696w, https:\/\/www.lab.eus\/wp-content\/uploads\/2021\/06\/Bilbo4-1068x801.jpeg 1068w, https:\/\/www.lab.eus\/wp-content\/uploads\/2021\/06\/Bilbo4-1920x1440.jpeg 1920w, https:\/\/www.lab.eus\/wp-content\/uploads\/2021\/06\/Bilbo4-560x420.jpeg 560w, https:\/\/www.lab.eus\/wp-content\/uploads\/2021\/06\/Bilbo4-80x60.jpeg 80w, https:\/\/www.lab.eus\/wp-content\/uploads\/2021\/06\/Bilbo4-265x198.jpeg 265w, https:\/\/www.lab.eus\/wp-content\/uploads\/2021\/06\/Bilbo4.jpeg 2000w\" sizes=\"auto, (max-width: 1024px) 100vw, 1024px\" \/><\/figure><\/li><li class=\"blocks-gallery-item\"><figure><img loading=\"lazy\" decoding=\"async\" width=\"1024\" height=\"768\" src=\"https:\/\/www.lab.eus\/wp-content\/uploads\/2021\/06\/Bilbo6-1024x768.jpeg\" alt=\"\" data-id=\"36260\" data-link=\"https:\/\/www.lab.eus\/borrokan-diren-langileek-bat-egin-dute-berriro-enpleguaren-defentsan\/bilbo6-3\/\" class=\"wp-image-36260\" srcset=\"https:\/\/www.lab.eus\/wp-content\/uploads\/2021\/06\/Bilbo6-1024x768.jpeg 1024w, https:\/\/www.lab.eus\/wp-content\/uploads\/2021\/06\/Bilbo6-300x225.jpeg 300w, https:\/\/www.lab.eus\/wp-content\/uploads\/2021\/06\/Bilbo6-768x576.jpeg 768w, https:\/\/www.lab.eus\/wp-content\/uploads\/2021\/06\/Bilbo6-1536x1152.jpeg 1536w, https:\/\/www.lab.eus\/wp-content\/uploads\/2021\/06\/Bilbo6-150x113.jpeg 150w, https:\/\/www.lab.eus\/wp-content\/uploads\/2021\/06\/Bilbo6-696x522.jpeg 696w, https:\/\/www.lab.eus\/wp-content\/uploads\/2021\/06\/Bilbo6-1068x801.jpeg 1068w, https:\/\/www.lab.eus\/wp-content\/uploads\/2021\/06\/Bilbo6-1920x1440.jpeg 1920w, https:\/\/www.lab.eus\/wp-content\/uploads\/2021\/06\/Bilbo6-560x420.jpeg 560w, https:\/\/www.lab.eus\/wp-content\/uploads\/2021\/06\/Bilbo6-80x60.jpeg 80w, https:\/\/www.lab.eus\/wp-content\/uploads\/2021\/06\/Bilbo6-265x198.jpeg 265w, https:\/\/www.lab.eus\/wp-content\/uploads\/2021\/06\/Bilbo6.jpeg 2000w\" sizes=\"auto, (max-width: 1024px) 100vw, 1024px\" \/><\/figure><\/li><li class=\"blocks-gallery-item\"><figure><img loading=\"lazy\" decoding=\"async\" width=\"1024\" height=\"768\" src=\"https:\/\/www.lab.eus\/wp-content\/uploads\/2021\/06\/Bilbo7-1024x768.jpeg\" alt=\"\" data-id=\"36263\" data-link=\"https:\/\/www.lab.eus\/borrokan-diren-langileek-bat-egin-dute-berriro-enpleguaren-defentsan\/bilbo7-2\/\" class=\"wp-image-36263\" srcset=\"https:\/\/www.lab.eus\/wp-content\/uploads\/2021\/06\/Bilbo7-1024x768.jpeg 1024w, https:\/\/www.lab.eus\/wp-content\/uploads\/2021\/06\/Bilbo7-300x225.jpeg 300w, https:\/\/www.lab.eus\/wp-content\/uploads\/2021\/06\/Bilbo7-768x576.jpeg 768w, https:\/\/www.lab.eus\/wp-content\/uploads\/2021\/06\/Bilbo7-1536x1152.jpeg 1536w, https:\/\/www.lab.eus\/wp-content\/uploads\/2021\/06\/Bilbo7-150x113.jpeg 150w, https:\/\/www.lab.eus\/wp-content\/uploads\/2021\/06\/Bilbo7-696x522.jpeg 696w, https:\/\/www.lab.eus\/wp-content\/uploads\/2021\/06\/Bilbo7-1068x801.jpeg 1068w, https:\/\/www.lab.eus\/wp-content\/uploads\/2021\/06\/Bilbo7-1920x1440.jpeg 1920w, https:\/\/www.lab.eus\/wp-content\/uploads\/2021\/06\/Bilbo7-560x420.jpeg 560w, https:\/\/www.lab.eus\/wp-content\/uploads\/2021\/06\/Bilbo7-80x60.jpeg 80w, https:\/\/www.lab.eus\/wp-content\/uploads\/2021\/06\/Bilbo7-265x198.jpeg 265w, https:\/\/www.lab.eus\/wp-content\/uploads\/2021\/06\/Bilbo7.jpeg 2000w\" sizes=\"auto, (max-width: 1024px) 100vw, 1024px\" \/><\/figure><\/li><li class=\"blocks-gallery-item\"><figure><img loading=\"lazy\" decoding=\"async\" width=\"1024\" height=\"768\" src=\"https:\/\/www.lab.eus\/wp-content\/uploads\/2021\/06\/Bilbo8-1024x768.jpeg\" alt=\"\" data-id=\"36265\" data-link=\"https:\/\/www.lab.eus\/borrokan-diren-langileek-bat-egin-dute-berriro-enpleguaren-defentsan\/bilbo8-3\/\" class=\"wp-image-36265\" srcset=\"https:\/\/www.lab.eus\/wp-content\/uploads\/2021\/06\/Bilbo8-1024x768.jpeg 1024w, https:\/\/www.lab.eus\/wp-content\/uploads\/2021\/06\/Bilbo8-300x225.jpeg 300w, https:\/\/www.lab.eus\/wp-content\/uploads\/2021\/06\/Bilbo8-768x576.jpeg 768w, https:\/\/www.lab.eus\/wp-content\/uploads\/2021\/06\/Bilbo8-1536x1152.jpeg 1536w, https:\/\/www.lab.eus\/wp-content\/uploads\/2021\/06\/Bilbo8-150x113.jpeg 150w, https:\/\/www.lab.eus\/wp-content\/uploads\/2021\/06\/Bilbo8-696x522.jpeg 696w, https:\/\/www.lab.eus\/wp-content\/uploads\/2021\/06\/Bilbo8-1068x801.jpeg 1068w, https:\/\/www.lab.eus\/wp-content\/uploads\/2021\/06\/Bilbo8-1920x1440.jpeg 1920w, https:\/\/www.lab.eus\/wp-content\/uploads\/2021\/06\/Bilbo8-560x420.jpeg 560w, https:\/\/www.lab.eus\/wp-content\/uploads\/2021\/06\/Bilbo8-80x60.jpeg 80w, https:\/\/www.lab.eus\/wp-content\/uploads\/2021\/06\/Bilbo8-265x198.jpeg 265w, https:\/\/www.lab.eus\/wp-content\/uploads\/2021\/06\/Bilbo8.jpeg 2000w\" sizes=\"auto, (max-width: 1024px) 100vw, 1024px\" \/><\/figure><\/li><li class=\"blocks-gallery-item\"><figure><img loading=\"lazy\" decoding=\"async\" width=\"1024\" height=\"768\" src=\"https:\/\/www.lab.eus\/wp-content\/uploads\/2021\/06\/Bilbo9-1024x768.jpeg\" alt=\"\" data-id=\"36267\" data-link=\"https:\/\/www.lab.eus\/borrokan-diren-langileek-bat-egin-dute-berriro-enpleguaren-defentsan\/bilbo9-3\/\" class=\"wp-image-36267\" srcset=\"https:\/\/www.lab.eus\/wp-content\/uploads\/2021\/06\/Bilbo9-1024x768.jpeg 1024w, https:\/\/www.lab.eus\/wp-content\/uploads\/2021\/06\/Bilbo9-300x225.jpeg 300w, https:\/\/www.lab.eus\/wp-content\/uploads\/2021\/06\/Bilbo9-768x576.jpeg 768w, https:\/\/www.lab.eus\/wp-content\/uploads\/2021\/06\/Bilbo9-1536x1152.jpeg 1536w, https:\/\/www.lab.eus\/wp-content\/uploads\/2021\/06\/Bilbo9-150x113.jpeg 150w, https:\/\/www.lab.eus\/wp-content\/uploads\/2021\/06\/Bilbo9-696x522.jpeg 696w, https:\/\/www.lab.eus\/wp-content\/uploads\/2021\/06\/Bilbo9-1068x801.jpeg 1068w, https:\/\/www.lab.eus\/wp-content\/uploads\/2021\/06\/Bilbo9-1920x1440.jpeg 1920w, https:\/\/www.lab.eus\/wp-content\/uploads\/2021\/06\/Bilbo9-560x420.jpeg 560w, https:\/\/www.lab.eus\/wp-content\/uploads\/2021\/06\/Bilbo9-80x60.jpeg 80w, https:\/\/www.lab.eus\/wp-content\/uploads\/2021\/06\/Bilbo9-265x198.jpeg 265w, https:\/\/www.lab.eus\/wp-content\/uploads\/2021\/06\/Bilbo9.jpeg 2000w\" sizes=\"auto, (max-width: 1024px) 100vw, 1024px\" \/><\/figure><\/li><li class=\"blocks-gallery-item\"><figure><img loading=\"lazy\" decoding=\"async\" width=\"1024\" height=\"816\" src=\"https:\/\/www.lab.eus\/wp-content\/uploads\/2021\/06\/Bilbo-1-1024x816.jpeg\" alt=\"\" data-id=\"36269\" data-link=\"https:\/\/www.lab.eus\/borrokan-diren-langileek-bat-egin-dute-berriro-enpleguaren-defentsan\/bilbo-1-2-2\/\" class=\"wp-image-36269\" srcset=\"https:\/\/www.lab.eus\/wp-content\/uploads\/2021\/06\/Bilbo-1-1024x816.jpeg 1024w, https:\/\/www.lab.eus\/wp-content\/uploads\/2021\/06\/Bilbo-1-300x239.jpeg 300w, https:\/\/www.lab.eus\/wp-content\/uploads\/2021\/06\/Bilbo-1-768x612.jpeg 768w, https:\/\/www.lab.eus\/wp-content\/uploads\/2021\/06\/Bilbo-1-150x120.jpeg 150w, https:\/\/www.lab.eus\/wp-content\/uploads\/2021\/06\/Bilbo-1-696x555.jpeg 696w, https:\/\/www.lab.eus\/wp-content\/uploads\/2021\/06\/Bilbo-1-1068x851.jpeg 1068w, https:\/\/www.lab.eus\/wp-content\/uploads\/2021\/06\/Bilbo-1-527x420.jpeg 527w, https:\/\/www.lab.eus\/wp-content\/uploads\/2021\/06\/Bilbo-1.jpeg 1119w\" sizes=\"auto, (max-width: 1024px) 100vw, 1024px\" \/><\/figure><\/li><li class=\"blocks-gallery-item\"><figure><img loading=\"lazy\" decoding=\"async\" width=\"1024\" height=\"461\" src=\"https:\/\/www.lab.eus\/wp-content\/uploads\/2021\/06\/Bilbo11-1024x461.jpeg\" alt=\"\" data-id=\"36274\" data-link=\"https:\/\/www.lab.eus\/borrokan-diren-langileek-bat-egin-dute-berriro-enpleguaren-defentsan\/bilbo11-2\/\" class=\"wp-image-36274\" srcset=\"https:\/\/www.lab.eus\/wp-content\/uploads\/2021\/06\/Bilbo11-1024x461.jpeg 1024w, https:\/\/www.lab.eus\/wp-content\/uploads\/2021\/06\/Bilbo11-300x135.jpeg 300w, https:\/\/www.lab.eus\/wp-content\/uploads\/2021\/06\/Bilbo11-768x346.jpeg 768w, https:\/\/www.lab.eus\/wp-content\/uploads\/2021\/06\/Bilbo11-1536x691.jpeg 1536w, https:\/\/www.lab.eus\/wp-content\/uploads\/2021\/06\/Bilbo11-150x68.jpeg 150w, https:\/\/www.lab.eus\/wp-content\/uploads\/2021\/06\/Bilbo11-696x313.jpeg 696w, https:\/\/www.lab.eus\/wp-content\/uploads\/2021\/06\/Bilbo11-1068x481.jpeg 1068w, https:\/\/www.lab.eus\/wp-content\/uploads\/2021\/06\/Bilbo11-933x420.jpeg 933w, https:\/\/www.lab.eus\/wp-content\/uploads\/2021\/06\/Bilbo11.jpeg 1600w\" sizes=\"auto, (max-width: 1024px) 100vw, 1024px\" \/><\/figure><\/li><li class=\"blocks-gallery-item\"><figure><img loading=\"lazy\" decoding=\"async\" width=\"1024\" height=\"461\" src=\"https:\/\/www.lab.eus\/wp-content\/uploads\/2021\/06\/Bilbo13-1024x461.jpeg\" alt=\"\" data-id=\"36279\" data-link=\"https:\/\/www.lab.eus\/borrokan-diren-langileek-bat-egin-dute-berriro-enpleguaren-defentsan\/bilbo13\/\" class=\"wp-image-36279\" srcset=\"https:\/\/www.lab.eus\/wp-content\/uploads\/2021\/06\/Bilbo13-1024x461.jpeg 1024w, https:\/\/www.lab.eus\/wp-content\/uploads\/2021\/06\/Bilbo13-300x135.jpeg 300w, https:\/\/www.lab.eus\/wp-content\/uploads\/2021\/06\/Bilbo13-768x346.jpeg 768w, https:\/\/www.lab.eus\/wp-content\/uploads\/2021\/06\/Bilbo13-1536x691.jpeg 1536w, https:\/\/www.lab.eus\/wp-content\/uploads\/2021\/06\/Bilbo13-150x68.jpeg 150w, https:\/\/www.lab.eus\/wp-content\/uploads\/2021\/06\/Bilbo13-696x313.jpeg 696w, https:\/\/www.lab.eus\/wp-content\/uploads\/2021\/06\/Bilbo13-1068x481.jpeg 1068w, https:\/\/www.lab.eus\/wp-content\/uploads\/2021\/06\/Bilbo13-933x420.jpeg 933w, https:\/\/www.lab.eus\/wp-content\/uploads\/2021\/06\/Bilbo13.jpeg 1600w\" sizes=\"auto, (max-width: 1024px) 100vw, 1024px\" \/><\/figure><\/li><li class=\"blocks-gallery-item\"><figure><img loading=\"lazy\" decoding=\"async\" width=\"1024\" height=\"461\" src=\"https:\/\/www.lab.eus\/wp-content\/uploads\/2021\/06\/Bilbo15-1024x461.jpeg\" alt=\"\" data-id=\"36283\" data-link=\"https:\/\/www.lab.eus\/borrokan-diren-langileek-bat-egin-dute-berriro-enpleguaren-defentsan\/bilbo15\/\" class=\"wp-image-36283\" srcset=\"https:\/\/www.lab.eus\/wp-content\/uploads\/2021\/06\/Bilbo15-1024x461.jpeg 1024w, https:\/\/www.lab.eus\/wp-content\/uploads\/2021\/06\/Bilbo15-300x135.jpeg 300w, https:\/\/www.lab.eus\/wp-content\/uploads\/2021\/06\/Bilbo15-768x346.jpeg 768w, https:\/\/www.lab.eus\/wp-content\/uploads\/2021\/06\/Bilbo15-1536x691.jpeg 1536w, https:\/\/www.lab.eus\/wp-content\/uploads\/2021\/06\/Bilbo15-150x68.jpeg 150w, https:\/\/www.lab.eus\/wp-content\/uploads\/2021\/06\/Bilbo15-696x313.jpeg 696w, https:\/\/www.lab.eus\/wp-content\/uploads\/2021\/06\/Bilbo15-1068x481.jpeg 1068w, https:\/\/www.lab.eus\/wp-content\/uploads\/2021\/06\/Bilbo15-933x420.jpeg 933w, https:\/\/www.lab.eus\/wp-content\/uploads\/2021\/06\/Bilbo15.jpeg 1600w\" sizes=\"auto, (max-width: 1024px) 100vw, 1024px\" \/><\/figure><\/li><li class=\"blocks-gallery-item\"><figure><img loading=\"lazy\" decoding=\"async\" width=\"1024\" height=\"461\" src=\"https:\/\/www.lab.eus\/wp-content\/uploads\/2021\/06\/Bilbo16-1024x461.jpeg\" alt=\"\" data-id=\"36285\" data-link=\"https:\/\/www.lab.eus\/borrokan-diren-langileek-bat-egin-dute-berriro-enpleguaren-defentsan\/bilbo16\/\" class=\"wp-image-36285\" srcset=\"https:\/\/www.lab.eus\/wp-content\/uploads\/2021\/06\/Bilbo16-1024x461.jpeg 1024w, https:\/\/www.lab.eus\/wp-content\/uploads\/2021\/06\/Bilbo16-300x135.jpeg 300w, https:\/\/www.lab.eus\/wp-content\/uploads\/2021\/06\/Bilbo16-768x346.jpeg 768w, https:\/\/www.lab.eus\/wp-content\/uploads\/2021\/06\/Bilbo16-1536x691.jpeg 1536w, https:\/\/www.lab.eus\/wp-content\/uploads\/2021\/06\/Bilbo16-150x68.jpeg 150w, https:\/\/www.lab.eus\/wp-content\/uploads\/2021\/06\/Bilbo16-696x313.jpeg 696w, https:\/\/www.lab.eus\/wp-content\/uploads\/2021\/06\/Bilbo16-1068x481.jpeg 1068w, https:\/\/www.lab.eus\/wp-content\/uploads\/2021\/06\/Bilbo16-933x420.jpeg 933w, https:\/\/www.lab.eus\/wp-content\/uploads\/2021\/06\/Bilbo16.jpeg 1600w\" sizes=\"auto, (max-width: 1024px) 100vw, 1024px\" \/><\/figure><\/li><li class=\"blocks-gallery-item\"><figure><img loading=\"lazy\" decoding=\"async\" width=\"1024\" height=\"461\" src=\"https:\/\/www.lab.eus\/wp-content\/uploads\/2021\/06\/Bilbo17-1024x461.jpeg\" alt=\"\" data-id=\"36287\" data-link=\"https:\/\/www.lab.eus\/borrokan-diren-langileek-bat-egin-dute-berriro-enpleguaren-defentsan\/bilbo17\/\" class=\"wp-image-36287\" srcset=\"https:\/\/www.lab.eus\/wp-content\/uploads\/2021\/06\/Bilbo17-1024x461.jpeg 1024w, https:\/\/www.lab.eus\/wp-content\/uploads\/2021\/06\/Bilbo17-300x135.jpeg 300w, https:\/\/www.lab.eus\/wp-content\/uploads\/2021\/06\/Bilbo17-768x346.jpeg 768w, https:\/\/www.lab.eus\/wp-content\/uploads\/2021\/06\/Bilbo17-1536x691.jpeg 1536w, https:\/\/www.lab.eus\/wp-content\/uploads\/2021\/06\/Bilbo17-150x68.jpeg 150w, https:\/\/www.lab.eus\/wp-content\/uploads\/2021\/06\/Bilbo17-696x313.jpeg 696w, https:\/\/www.lab.eus\/wp-content\/uploads\/2021\/06\/Bilbo17-1068x481.jpeg 1068w, https:\/\/www.lab.eus\/wp-content\/uploads\/2021\/06\/Bilbo17-933x420.jpeg 933w, https:\/\/www.lab.eus\/wp-content\/uploads\/2021\/06\/Bilbo17.jpeg 1600w\" sizes=\"auto, (max-width: 1024px) 100vw, 1024px\" \/><\/figure><\/li><li class=\"blocks-gallery-item\"><figure><img loading=\"lazy\" decoding=\"async\" width=\"1024\" height=\"461\" src=\"https:\/\/www.lab.eus\/wp-content\/uploads\/2021\/06\/Bilbo18-1024x461.jpeg\" alt=\"\" data-id=\"36289\" data-full-url=\"https:\/\/www.lab.eus\/wp-content\/uploads\/2021\/06\/Bilbo18.jpeg\" data-link=\"https:\/\/www.lab.eus\/borrokan-diren-langileek-bat-egin-dute-berriro-enpleguaren-defentsan\/bilbo18\/\" class=\"wp-image-36289\" srcset=\"https:\/\/www.lab.eus\/wp-content\/uploads\/2021\/06\/Bilbo18-1024x461.jpeg 1024w, https:\/\/www.lab.eus\/wp-content\/uploads\/2021\/06\/Bilbo18-300x135.jpeg 300w, https:\/\/www.lab.eus\/wp-content\/uploads\/2021\/06\/Bilbo18-768x346.jpeg 768w, https:\/\/www.lab.eus\/wp-content\/uploads\/2021\/06\/Bilbo18-1536x691.jpeg 1536w, https:\/\/www.lab.eus\/wp-content\/uploads\/2021\/06\/Bilbo18-150x68.jpeg 150w, https:\/\/www.lab.eus\/wp-content\/uploads\/2021\/06\/Bilbo18-696x313.jpeg 696w, https:\/\/www.lab.eus\/wp-content\/uploads\/2021\/06\/Bilbo18-1068x481.jpeg 1068w, https:\/\/www.lab.eus\/wp-content\/uploads\/2021\/06\/Bilbo18-933x420.jpeg 933w, https:\/\/www.lab.eus\/wp-content\/uploads\/2021\/06\/Bilbo18.jpeg 1600w\" sizes=\"auto, (max-width: 1024px) 100vw, 1024px\" \/><\/figure><\/li><\/ul><\/figure>\n","protected":false},"excerpt":{"rendered":"<p>Trabajadoras y trabajadores de Petronor, Bilboko Argiak, Tubacex, Novaltia e ITP-PCB han tomado las calles de Bilbo en defensa del empleo. Est\u00e1 claro que la pol\u00edtica actual y los que gobiernan, tanto en la CAV como en Madrid, act\u00faan en beneficio de la patronal y del capital. La consecuencia clara es la destrucci\u00f3n de empleo y el empeoramiento de las condiciones laborales que est\u00e1n sufriendo en las citadas empresas. Por ello, aplaudiendo la uni\u00f3n de estas y estos trabajadores, nos hemos adherido a la movilizaci\u00f3n.<\/p>\n","protected":false},"author":1189,"featured_media":36282,"comment_status":"closed","ping_status":"closed","sticky":false,"template":"","format":"standard","meta":{"_monsterinsights_skip_tracking":false,"_monsterinsights_sitenote_active":false,"_monsterinsights_sitenote_note":"","_monsterinsights_sitenote_category":0,"footnotes":"","_links_to":"","_links_to_target":""},"categories":[18,2868,108,3283],"tags":[3033,3178,2996,3064],"class_list":{"0":"post-36248","1":"post","2":"type-post","3":"status-publish","4":"format-standard","5":"has-post-thumbnail","7":"category-es-accion-sindical","8":"category-industria-es","9":"category-es-metal","10":"category-sin-categorizar","11":"tag-accion-sindical-es","12":"tag-destacado-1","13":"tag-industria-es","14":"tag-metal-es"},"_links":{"self":[{"href":"https:\/\/www.lab.eus\/es\/wp-json\/wp\/v2\/posts\/36248","targetHints":{"allow":["GET"]}}],"collection":[{"href":"https:\/\/www.lab.eus\/es\/wp-json\/wp\/v2\/posts"}],"about":[{"href":"https:\/\/www.lab.eus\/es\/wp-json\/wp\/v2\/types\/post"}],"author":[{"embeddable":true,"href":"https:\/\/www.lab.eus\/es\/wp-json\/wp\/v2\/users\/1189"}],"replies":[{"embeddable":true,"href":"https:\/\/www.lab.eus\/es\/wp-json\/wp\/v2\/comments?post=36248"}],"version-history":[{"count":0,"href":"https:\/\/www.lab.eus\/es\/wp-json\/wp\/v2\/posts\/36248\/revisions"}],"wp:featuredmedia":[{"embeddable":true,"href":"https:\/\/www.lab.eus\/es\/wp-json\/wp\/v2\/media\/36282"}],"wp:attachment":[{"href":"https:\/\/www.lab.eus\/es\/wp-json\/wp\/v2\/media?parent=36248"}],"wp:term":[{"taxonomy":"category","embeddable":true,"href":"https:\/\/www.lab.eus\/es\/wp-json\/wp\/v2\/categories?post=36248"},{"taxonomy":"post_tag","embeddable":true,"href":"https:\/\/www.lab.eus\/es\/wp-json\/wp\/v2\/tags?post=36248"}],"curies":[{"name":"wp","href":"https:\/\/api.w.org\/{rel}","templated":true}]}}