{"id":36229,"date":"2021-06-18T10:52:52","date_gmt":"2021-06-18T10:52:52","guid":{"rendered":"https:\/\/www.lab.eus\/?p=36229"},"modified":"2021-06-18T10:58:05","modified_gmt":"2021-06-18T10:58:05","slug":"hemos-exigido-en-irunea-y-bilbo-el-fin-de-la-politica-penitenciaria-de-excepcion","status":"publish","type":"post","link":"https:\/\/www.lab.eus\/es\/hemos-exigido-en-irunea-y-bilbo-el-fin-de-la-politica-penitenciaria-de-excepcion\/","title":{"rendered":"Hemos reclamado en Iru\u00f1ea y Bilbo el fin de la pol\u00edtica penitenciaria de excepci\u00f3n"},"content":{"rendered":"\n<p>Las iniciativas sindicales en favor de las y los presos vascos se multiplican. En Iru\u00f1ea, desde LAB hemos organizado una manifestaci\u00f3n propia y, en Bilbo, junto con otros sindicatos, hemos dado continuidad a la iniciativa mensual enmarcada en la din\u00e1mica \u00abIzan bidea\u00bb de Sare. En uno y otro caso, hemos exigido el fin de la pol\u00edtica penitenciaria de excepci\u00f3n. En la capital vizcaina, adem\u00e1s, LAB, ELA, UGT, ESK, STEILAS, CGT\/LKN, CNT, EHNE, HIRU y ETXALDE hemos pedido el archivo del sumario 13\/2013 que enjuicia a 8 personas por su labor de asistencia jur\u00eddica y social a los presos y presas vascas.<\/p>\n\n\n\n<p>Asimismo, cabe se\u00f1alar que en Iru\u00f1ea, tal y como presentamos el jueves, tendr\u00e1 lugar una manifestaci\u00f3n el 3 de julio para pedir la repatriaci\u00f3n de las y los presos, dentro de las din\u00e1micas de Sare \u00abIbilian ibilian\u00bb e \u00abIzan bidea\u00bb, a convocatoria de sindicatos y numerosos comit\u00e9s de empresa de centros de trabajo de Nafarroa.<\/p>\n\n\n\n<p><strong>Volviendo a la movilizaci\u00f3n de Bilbo, los sindicatos convocantes (LAB, ELA, UGT, ESK, STEILAS, CGT\/LKN, CNT, EHNE, HIRU y ETXALDE) hemos realizado la siguiente lectura:<\/strong><\/p>\n\n\n\n<p>Hoy nos concentramos por \u00faltima vez este curso, y hacemos una valoraci\u00f3n de esta din\u00e1mica sindical dentro de la iniciativa \u00abIzan bidea\u00bb y de este segundo curso muy buena.&nbsp;<\/p>\n\n\n\n<p>Seguimos poniendo en valor la confluencia de la mayor\u00eda de siglas sindicales, y el compromiso y constancia de la din\u00e1mica, que por encima de nuestras diferencias nos une en esta reivindicaci\u00f3n.<\/p>\n\n\n\n<p>Tenemos claro que esta din\u00e1mica debe continuar, pues a pesar de que se han dado pasos en cuanto a acercamientos y progresi\u00f3n de grados, a\u00fan estamos lejos de dar por zanjadas las reivindicaciones que hacemos: el acceso a los beneficios penitenciarios contemplados en la legislaci\u00f3n ordinaria, la excarcelaci\u00f3n de aquellos que padecen enfermedades graves o incurables, la reincorporaci\u00f3n al mundo laboral de aquellas personas que son excarceladas, as\u00ed como la revisi\u00f3n de la legislaci\u00f3n para el alargamiento excepcional de las condenas.<\/p>\n\n\n\n<figure class=\"wp-block-image size-large\"><img loading=\"lazy\" decoding=\"async\" width=\"1024\" height=\"581\" src=\"https:\/\/www.lab.eus\/wp-content\/uploads\/2021\/06\/IzanBidea-1024x581.jpeg\" alt=\"\" class=\"wp-image-36294\" srcset=\"https:\/\/www.lab.eus\/wp-content\/uploads\/2021\/06\/IzanBidea-1024x581.jpeg 1024w, https:\/\/www.lab.eus\/wp-content\/uploads\/2021\/06\/IzanBidea-300x170.jpeg 300w, https:\/\/www.lab.eus\/wp-content\/uploads\/2021\/06\/IzanBidea-768x436.jpeg 768w, https:\/\/www.lab.eus\/wp-content\/uploads\/2021\/06\/IzanBidea-150x85.jpeg 150w, https:\/\/www.lab.eus\/wp-content\/uploads\/2021\/06\/IzanBidea-696x395.jpeg 696w, https:\/\/www.lab.eus\/wp-content\/uploads\/2021\/06\/IzanBidea-1068x606.jpeg 1068w, https:\/\/www.lab.eus\/wp-content\/uploads\/2021\/06\/IzanBidea-740x420.jpeg 740w, https:\/\/www.lab.eus\/wp-content\/uploads\/2021\/06\/IzanBidea.jpeg 1280w\" sizes=\"auto, (max-width: 1024px) 100vw, 1024px\" \/><\/figure>\n\n\n\n<p>Han tenido que pasar m\u00e1s de tres d\u00e9cadas para que hoy podamos hablar de una situaci\u00f3n diferente. Pero a\u00fan hoy, un n\u00famero importante de presos y presas contin\u00faan dispersadas por la mitad norte de la Pen\u00ednsula y a la espera de su ubicaci\u00f3n en los centros penitenciarios de Hego Euskal Herria.&nbsp;<\/p>\n\n\n\n<p>Ser\u00e1 entonces cuando estemos en condiciones de poder hablar de normalizar la convivencia en nuestro Pa\u00eds.<\/p>\n\n\n\n<p>Para empezar deber\u00eda producirse ya la excarcelaci\u00f3n de las personas gravemente enfermas y de aquellas mayores de 70 a\u00f1os.<\/p>\n\n\n\n<p>M\u00e1s del 90% de estas personas encarceladas, si no hubieran sido objeto de una pol\u00edtica de clasificaci\u00f3n basada en criterios estrictamente pol\u00edticos, pod\u00edan haber disfrutado de los permisos propios del segundo grado.<\/p>\n\n\n\n<p>M\u00e1s de un tercio ha cumplido -en algunos casos desde hace tiempo- las \u00be de las condenas impuestas.<\/p>\n\n\n\n<p>Las aproximadamente 60 personas presas vascas que fueron juzgadas y condenadas tras la aprobaci\u00f3n de la Ley Org\u00e1nica 7\/2003, con hasta 40 a\u00f1os de privaci\u00f3n efectiva de libertad y limitaciones insuperables para acceder al tercer grado y a la libertad condicional, lo fueron con una normativa de car\u00e1cter excepcional que debe ser reconvertida a la normativa ordinaria.<\/p>\n\n\n\n<p>A 50 personas reclusas vascas, que ya cumplieron condena en c\u00e1rceles del Estado Franc\u00e9s, se les est\u00e1 aplicando una ley redactada \u00abad hominem\u00bb, solo para presos y presas vascas, que les impide el c\u00f3mputo del tiempo cumplido de privaci\u00f3n de libertad en el espacio de la UE.<\/p>\n\n\n\n<p>Asimismo, ante el inminente enjuiciamiento de 8 personas por su labor de asistencia jur\u00eddica y social a los presos y presas vascas (sumario 13\/2013), los sindicatos aqui presentes queremos manifestar lo siguiente:<\/p>\n\n\n\n<ul class=\"wp-block-list\"><li>Mostramos nuestra preocupaci\u00f3n y rechazo respecto a las irregularidades relatadas por las personas afectadas y, especialmente, respecto a la pr\u00e1ctica de la tortura durante el periodo de incomunicaci\u00f3n.&nbsp;<\/li><\/ul>\n\n\n\n<ul class=\"wp-block-list\"><li>Solicitamos el archivo de dicha causa, tanto por las irregularidades mencionadas como por ser un acto anacr\u00f3nico que contraviene la demanda mayoritaria en nuestra sociedad por un escenario de paz y convivencia democr\u00e1tica.&nbsp;<\/li><\/ul>\n\n\n\n<ul class=\"wp-block-list\"><li>Al igual que hemos reclamado reiteradamente el fin de la excepcionalidad respecto a la pol\u00edtica penitenciaria, solicitamos tambi\u00e9n el fin de la excepcionalidad judicial. Los ciudadanos y ciudadanas vascas tienen derecho a ser juzgados en el tribunal ordinario que les corresponda.<\/li><\/ul>\n\n\n\n<p>Necesitamos reconstruirnos como sociedad en convivencia, por ello el p\u0155oximo 17 de septiembre, y tras la pausa de julio y agosto, de nuevo estaremos en la plaza El\u00edptica, e iremos caracterizando de forma espec\u00edfica cada una de las concentraciones que seguiremos haciendo cada tercer viernes de mes hasta junio.<\/p>\n\n\n\n<p>Este viernes hemos querido dar un peque\u00f1o impulso a esta din\u00e1mica, haciendo un llamamiento m\u00e1s amplio a nuestra afiliaci\u00f3n, mostrando el firme compromiso que desde el \u00e1mbito sindical tenemos con estas reivindicaciones.<\/p>\n","protected":false},"excerpt":{"rendered":"<p>Las iniciativas sindicales en favor de las y los presos vascos se multiplican. En Iru\u00f1ea, desde LAB hemos organizado una manifestaci\u00f3n propia y, en Bilbo, junto con otros sindicatos, hemos dado continuidad a la iniciativa mensual de concentraciones. En la capital vizcaina, adem\u00e1s, los convocantes hemos pedido el archivo del sumario 13\/2013 que enjuicia la labor de asistencia jur\u00eddica y social a los presos y presas vascas.<\/p>\n","protected":false},"author":1189,"featured_media":36301,"comment_status":"closed","ping_status":"closed","sticky":false,"template":"","format":"standard","meta":{"_monsterinsights_skip_tracking":false,"_monsterinsights_sitenote_active":false,"_monsterinsights_sitenote_note":"","_monsterinsights_sitenote_category":0,"footnotes":"","_links_to":"","_links_to_target":""},"categories":[3402,3301,2870],"tags":[3178,3231,3225],"class_list":{"0":"post-36229","1":"post","2":"type-post","3":"status-publish","4":"format-standard","5":"has-post-thumbnail","7":"category-accion-politica","8":"category-euskal-herria-es-2","9":"category-euskal-presoak-euskal-herria-3","10":"tag-destacado-1","11":"tag-euskal-herria-es","12":"tag-euskal-presoak-es"},"_links":{"self":[{"href":"https:\/\/www.lab.eus\/es\/wp-json\/wp\/v2\/posts\/36229","targetHints":{"allow":["GET"]}}],"collection":[{"href":"https:\/\/www.lab.eus\/es\/wp-json\/wp\/v2\/posts"}],"about":[{"href":"https:\/\/www.lab.eus\/es\/wp-json\/wp\/v2\/types\/post"}],"author":[{"embeddable":true,"href":"https:\/\/www.lab.eus\/es\/wp-json\/wp\/v2\/users\/1189"}],"replies":[{"embeddable":true,"href":"https:\/\/www.lab.eus\/es\/wp-json\/wp\/v2\/comments?post=36229"}],"version-history":[{"count":0,"href":"https:\/\/www.lab.eus\/es\/wp-json\/wp\/v2\/posts\/36229\/revisions"}],"wp:featuredmedia":[{"embeddable":true,"href":"https:\/\/www.lab.eus\/es\/wp-json\/wp\/v2\/media\/36301"}],"wp:attachment":[{"href":"https:\/\/www.lab.eus\/es\/wp-json\/wp\/v2\/media?parent=36229"}],"wp:term":[{"taxonomy":"category","embeddable":true,"href":"https:\/\/www.lab.eus\/es\/wp-json\/wp\/v2\/categories?post=36229"},{"taxonomy":"post_tag","embeddable":true,"href":"https:\/\/www.lab.eus\/es\/wp-json\/wp\/v2\/tags?post=36229"}],"curies":[{"name":"wp","href":"https:\/\/api.w.org\/{rel}","templated":true}]}}