{"id":36219,"date":"2021-06-17T10:58:04","date_gmt":"2021-06-17T10:58:04","guid":{"rendered":"https:\/\/www.lab.eus\/?p=36219"},"modified":"2021-06-17T11:05:55","modified_gmt":"2021-06-17T11:05:55","slug":"hemos-reivindicado-ante-el-juzgado-de-amurrio-y-ante-la-ertzaintza-que-la-solidaridad-entre-las-y-los-trabajadores-no-es-delito","status":"publish","type":"post","link":"https:\/\/www.lab.eus\/es\/hemos-reivindicado-ante-el-juzgado-de-amurrio-y-ante-la-ertzaintza-que-la-solidaridad-entre-las-y-los-trabajadores-no-es-delito\/","title":{"rendered":"Hemos reivindicado ante el juzgado de Amurrio y ante la Ertzaintza que la solidaridad entre las y los trabajadores no es delito"},"content":{"rendered":"\n<p>Desde LAB <a href=\"https:\/\/www.lab.eus\/es\/mostramos-nuestro-apoyo-a-las-tres-personas-que-tendran-que-declarar-en-el-juzgado-de-amurrio-tras-ser-identificadas-en-el-piquete-de-tubacex\/\">queremos expresar todo nuestro apoyo<\/a> a las tres personas llamadas a declarar hoy en el juzgado de Amurrio. El \u00fanico delito que han cometido ha sido solidarizarse y ayudar a las y los huelguistas de Tubacex en los piquetes del 25 de marzo, al igual que han hecho cientos de trabajadoras y trabajadores de empresas de Aiaraldea y otras comarcas.<\/p>\n\n\n\n<figure class=\"wp-block-image size-large\"><img loading=\"lazy\" decoding=\"async\" width=\"1024\" height=\"768\" src=\"https:\/\/www.lab.eus\/wp-content\/uploads\/2021\/06\/Jazarpen2-1024x768.jpeg\" alt=\"\" class=\"wp-image-36217\" srcset=\"https:\/\/www.lab.eus\/wp-content\/uploads\/2021\/06\/Jazarpen2-1024x768.jpeg 1024w, https:\/\/www.lab.eus\/wp-content\/uploads\/2021\/06\/Jazarpen2-300x225.jpeg 300w, https:\/\/www.lab.eus\/wp-content\/uploads\/2021\/06\/Jazarpen2-768x576.jpeg 768w, https:\/\/www.lab.eus\/wp-content\/uploads\/2021\/06\/Jazarpen2-1536x1152.jpeg 1536w, https:\/\/www.lab.eus\/wp-content\/uploads\/2021\/06\/Jazarpen2-150x113.jpeg 150w, https:\/\/www.lab.eus\/wp-content\/uploads\/2021\/06\/Jazarpen2-696x522.jpeg 696w, https:\/\/www.lab.eus\/wp-content\/uploads\/2021\/06\/Jazarpen2-1068x801.jpeg 1068w, https:\/\/www.lab.eus\/wp-content\/uploads\/2021\/06\/Jazarpen2-1920x1440.jpeg 1920w, https:\/\/www.lab.eus\/wp-content\/uploads\/2021\/06\/Jazarpen2-560x420.jpeg 560w, https:\/\/www.lab.eus\/wp-content\/uploads\/2021\/06\/Jazarpen2-80x60.jpeg 80w, https:\/\/www.lab.eus\/wp-content\/uploads\/2021\/06\/Jazarpen2-265x198.jpeg 265w, https:\/\/www.lab.eus\/wp-content\/uploads\/2021\/06\/Jazarpen2.jpeg 2000w\" sizes=\"auto, (max-width: 1024px) 100vw, 1024px\" \/><\/figure>\n\n\n\n<p>As\u00ed, nos hemos acercado a los juzgados de Amurrio, donde se ha convocado una concentraci\u00f3n. Se han vivido momentos de tensi\u00f3n con la Ertzaintza, que ha vuelto a mostrar su actitud violenta. Pero, desde el sindicato LAB, insistimos: la solidaridad entre trabajadoras y trabajadores no es delito.<\/p>\n","protected":false},"excerpt":{"rendered":"<p>Queremos expresar todo nuestro apoyo a las tres personas llamadas a declarar. El \u00fanico delito que han cometido ha sido solidarizarse y ayudar a las y los huelguistas de Tubacex.<\/p>\n","protected":false},"author":1189,"featured_media":36215,"comment_status":"closed","ping_status":"closed","sticky":false,"template":"","format":"standard","meta":{"_monsterinsights_skip_tracking":false,"_monsterinsights_sitenote_active":false,"_monsterinsights_sitenote_note":"","_monsterinsights_sitenote_category":0,"footnotes":"","_links_to":"","_links_to_target":""},"categories":[18,321,2868,108],"tags":[3033,3178,2996,3064],"class_list":{"0":"post-36219","1":"post","2":"type-post","3":"status-publish","4":"format-standard","5":"has-post-thumbnail","7":"category-es-accion-sindical","8":"category-es-acoso-sindical","9":"category-industria-es","10":"category-es-metal","11":"tag-accion-sindical-es","12":"tag-destacado-1","13":"tag-industria-es","14":"tag-metal-es"},"_links":{"self":[{"href":"https:\/\/www.lab.eus\/es\/wp-json\/wp\/v2\/posts\/36219","targetHints":{"allow":["GET"]}}],"collection":[{"href":"https:\/\/www.lab.eus\/es\/wp-json\/wp\/v2\/posts"}],"about":[{"href":"https:\/\/www.lab.eus\/es\/wp-json\/wp\/v2\/types\/post"}],"author":[{"embeddable":true,"href":"https:\/\/www.lab.eus\/es\/wp-json\/wp\/v2\/users\/1189"}],"replies":[{"embeddable":true,"href":"https:\/\/www.lab.eus\/es\/wp-json\/wp\/v2\/comments?post=36219"}],"version-history":[{"count":0,"href":"https:\/\/www.lab.eus\/es\/wp-json\/wp\/v2\/posts\/36219\/revisions"}],"wp:featuredmedia":[{"embeddable":true,"href":"https:\/\/www.lab.eus\/es\/wp-json\/wp\/v2\/media\/36215"}],"wp:attachment":[{"href":"https:\/\/www.lab.eus\/es\/wp-json\/wp\/v2\/media?parent=36219"}],"wp:term":[{"taxonomy":"category","embeddable":true,"href":"https:\/\/www.lab.eus\/es\/wp-json\/wp\/v2\/categories?post=36219"},{"taxonomy":"post_tag","embeddable":true,"href":"https:\/\/www.lab.eus\/es\/wp-json\/wp\/v2\/tags?post=36219"}],"curies":[{"name":"wp","href":"https:\/\/api.w.org\/{rel}","templated":true}]}}