{"id":36197,"date":"2021-06-17T09:24:07","date_gmt":"2021-06-17T09:24:07","guid":{"rendered":"https:\/\/www.lab.eus\/?p=36197"},"modified":"2021-06-17T09:26:29","modified_gmt":"2021-06-17T09:26:29","slug":"rechazamos-la-gestion-del-ayuntamiento-de-gasteiz-ante-las-denuncias-por-acoso-sexual-y-sexista-realizadas-en-el-centro-de-proteccion-animal","status":"publish","type":"post","link":"https:\/\/www.lab.eus\/es\/rechazamos-la-gestion-del-ayuntamiento-de-gasteiz-ante-las-denuncias-por-acoso-sexual-y-sexista-realizadas-en-el-centro-de-proteccion-animal\/","title":{"rendered":"Rechazamos la gesti\u00f3n del ayuntamiento de Gasteiz ante las denuncias por acoso sexual y sexista realizadas en el Centro de Protecci\u00f3n Animal"},"content":{"rendered":"\n<p>Ante las denuncias por acoso sexual y sexista que ha habido en el Centro de Protecci\u00f3n Animal municipal de Gasteiz, y en estos momentos en los que se est\u00e1 celebrando el juicio por estos hechos, desde el sindicato LAB mostramos nuestro m\u00e1s absoluto rechazo ante cualquier tipo de violencia machista.<\/p>\n\n\n\n<p>Queremos trasladar nuestra solidaridad a todas las mujeres que han denunciado estos hechos y decimos alto y claro que las creemos.<\/p>\n\n\n\n<p>Denunciamos la nefasta gesti\u00f3n del Ayuntamiento de Gasteiz ante estas denuncias al no haber puesto en marcha el protocolo municipal existente ante los casos de acoso sexual, tal y como se le solicit\u00f3 por parte de este sindicato desde el principio.<\/p>\n\n\n\n<p>No es la primera vez que el Ayuntamiento de Gasteiz act\u00faa de manera negligente ante hechos de este tipo. LAB hemos denunciado esto en varias ocasiones anteriormente.<\/p>\n\n\n\n<p>Exigimos al Ayuntamiento que aplique los protocolos existentes en materia de prevenci\u00f3n de violencia machista y que no proteja a quienes ejerzan este tipo de violencia.<\/p>\n","protected":false},"excerpt":{"rendered":"<p>Exigimos al Ayuntamiento que aplique los protocolos existentes en materia de prevenci\u00f3n de violencia machista y que no proteja a quienes ejerzan este tipo de violencia.<\/p>\n","protected":false},"author":1189,"featured_media":36200,"comment_status":"closed","ping_status":"closed","sticky":false,"template":"","format":"standard","meta":{"_monsterinsights_skip_tracking":false,"_monsterinsights_sitenote_active":false,"_monsterinsights_sitenote_note":"","_monsterinsights_sitenote_category":0,"footnotes":"","_links_to":"","_links_to_target":""},"categories":[3108,2894,3281,6,3283],"tags":[3178,3191,3171],"class_list":{"0":"post-36197","1":"post","2":"type-post","3":"status-publish","4":"format-standard","5":"has-post-thumbnail","7":"category-administracion-municipal-y-foral","8":"category-mujeres","9":"category-secretaria-feminista","10":"category-es-servicios-publicos","11":"category-sin-categorizar","12":"tag-destacado-1","13":"tag-mujeres","14":"tag-servicios-publicos-es"},"_links":{"self":[{"href":"https:\/\/www.lab.eus\/es\/wp-json\/wp\/v2\/posts\/36197","targetHints":{"allow":["GET"]}}],"collection":[{"href":"https:\/\/www.lab.eus\/es\/wp-json\/wp\/v2\/posts"}],"about":[{"href":"https:\/\/www.lab.eus\/es\/wp-json\/wp\/v2\/types\/post"}],"author":[{"embeddable":true,"href":"https:\/\/www.lab.eus\/es\/wp-json\/wp\/v2\/users\/1189"}],"replies":[{"embeddable":true,"href":"https:\/\/www.lab.eus\/es\/wp-json\/wp\/v2\/comments?post=36197"}],"version-history":[{"count":0,"href":"https:\/\/www.lab.eus\/es\/wp-json\/wp\/v2\/posts\/36197\/revisions"}],"wp:featuredmedia":[{"embeddable":true,"href":"https:\/\/www.lab.eus\/es\/wp-json\/wp\/v2\/media\/36200"}],"wp:attachment":[{"href":"https:\/\/www.lab.eus\/es\/wp-json\/wp\/v2\/media?parent=36197"}],"wp:term":[{"taxonomy":"category","embeddable":true,"href":"https:\/\/www.lab.eus\/es\/wp-json\/wp\/v2\/categories?post=36197"},{"taxonomy":"post_tag","embeddable":true,"href":"https:\/\/www.lab.eus\/es\/wp-json\/wp\/v2\/tags?post=36197"}],"curies":[{"name":"wp","href":"https:\/\/api.w.org\/{rel}","templated":true}]}}