{"id":3609,"date":"2014-07-24T10:33:10","date_gmt":"2014-07-24T10:33:10","guid":{"rendered":"https:\/\/www.lab.eus\/la-totalidad-de-la-representacion-sindical-en-correos-de-bizkaia-muestran-su-preocupacion-por-la-gestion-del-correo\/"},"modified":"2014-07-24T10:33:10","modified_gmt":"2014-07-24T10:33:10","slug":"la-totalidad-de-la-representacion-sindical-en-correos-de-bizkaia-muestran-su-preocupacion-por-la-gestion-del-correo","status":"publish","type":"post","link":"https:\/\/www.lab.eus\/es\/la-totalidad-de-la-representacion-sindical-en-correos-de-bizkaia-muestran-su-preocupacion-por-la-gestion-del-correo\/","title":{"rendered":"La totalidad de la representaci\u00f3n sindical en Correos de Bizkaia muestran su preocupaci\u00f3n por la gesti\u00f3n del correo"},"content":{"rendered":"<p> <em><span style=\"font-size: small; \">Los sindicatos CCOO, LAB, ESK, UGT, CSIF y ELA denuncian que la eliminaci&oacute;n de 38 secciones de reparto en varias poblaciones de Bizkaia y Distritos de Bilbao en los dos &uacute;ltimos a&ntilde;os y la fuerte reducci&oacute;n de los contratos temporales de sustituci&oacute;n para el periodo vacacional est&aacute; haciendo imposible el reparto diario de la correspondencia. <\/span><\/em><\/p>\n<p> <\/p>\n<div style=\"padding-right:15px;width:345px; float:left; border-right-style:solid; border-right-width:1px; border-right-color:#dddddd\">Lectura de los sindicatos CCOO, LAB, ESK, UGT, CSIF y ELA <\/p>\n<p> <span style=\"font-size: medium; \"><strong>CORREOS DEBE Y PUEDE EMPLEAR MAS TRABAJADORAS Y TRABAJADORES PARA GARANTIZAR EL REPARTO DE CORRESPONDENCIA EN BIZKAIA<\/strong><\/span><\/p>\n<p> Los sindicatos CCOO-LAB-ESK-UGT-CSIF-ELA, la totalidad de la representaci&oacute;n sindical en Correos de Bizkaia, hacemos p&uacute;blica nuestra enorme preocupaci&oacute;n por la gesti&oacute;n del correo que est&aacute; realizando la Jefatura Provincial de Bizkaia y la Direcci&oacute;n de la Zona 2&ordf;. <\/p>\n<p> La eliminaci&oacute;n de 38 secciones de reparto en varias poblaciones de Bizkaia y Distritos de Bilbao en los dos &uacute;ltimos a&ntilde;os y la fuerte reducci&oacute;n de los contratos temporales de sustituci&oacute;n para el periodo vacacional est&aacute; haciendo imposible el reparto diario de la correspondencia.<\/p>\n<p> Esta reducci&oacute;n de puestos de trabajo es fruto de la pol&iacute;tica de reducci&oacute;n del gasto de personal en Correos que, en el periodo de crisis 2008-2013, ha reducido el empleo en 13.199 anualidades (8.472 corresponden a empleo fijo y 4.697 a contrataci&oacute;n temporal de sustituci&oacute;n, medido en anualidades )<\/p>\n<p> En el mismo periodo, Correos ha acumulado 135 millones de beneficio antes de impuestos. De ellos, 66 millones corresponden a 2013.<\/p>\n<p> Pese a los buenos resultados econ&oacute;micos, la din&aacute;mica de ajustes de plantilla, de la que deriva una fort&iacute;sima destrucci&oacute;n de empleo, ha supuesto para Bizkaia la reducci&oacute;n de 120 puestos de trabajo desde 2011.<\/p>\n<p> En el &aacute;rea de reparto, en el &uacute;ltimo a&ntilde;o y medio el ajuste de plantilla se ha intensificado con la eliminaci&oacute;n de 38 puestos de reparto en distintas unidades de Bizkaia y la reducci&oacute;n de la contrataci&oacute;n temporal de sustituci&oacute;n en un 10% anual en los dos &uacute;ltimos a&ntilde;os. <\/p>\n<p> En mayo, la Direcci&oacute;n nos present&oacute; los estudios de dimensionamiento de plantilla para las unidades de reparto de Barakaldo, Portugalete, y 5 distritos de Bilbao que supuso la eliminaci&oacute;n de 27 secciones de reparto sobre un total de 133 secciones (20 % de reducci&oacute;n).<br \/> Estos estudios nos los presentaron sin margen para la negociaci&oacute;n y nos negaron documentaci&oacute;n totalmente necesaria para evaluar correctamente los aspectos t&eacute;cnicos que derivaron en tan desmedida destrucci&oacute;n de puestos de trabajo.<\/p>\n<p> En lo que resta de a&ntilde;o nos han anunciado que presentar&aacute;n el estudio de los otros 10 distritos restantes de Bilbao que afectar&aacute; a 130 secciones. De emplear la misma l&oacute;gica de los anteriores prevemos la eliminaci&oacute;n de un abultado n&uacute;mero de secciones de reparto.<\/p>\n<p> Nuestra preocupaci&oacute;n por el impacto que la reducci&oacute;n de secciones y restricci&oacute;n de los contratos temporales de sustituci&oacute;n, por vacaciones, pudiese tener en el reparto diario nos llev&oacute; a realizar una toma de datos en las unidades de reparto que tuvieron reducci&oacute;n de puestos de trabajo y en aquella de Bilbao pendientes de estudio.<\/p>\n<p> <strong>NUESTRA PEORES PREVISIONES AVALADAS POR TOMA DE DATOS<br \/> <\/strong><br \/> La toma de datos se ha centrado en 13 de los distritos de Bilbao, Portugalete, Barakaldo y Basauri en la que han colaborado decenas de trabajadores de dichos centros y, tan solo para la primera quincena de julio, hemos podido verificar que, al menos, 18.246 portales de esas poblaciones no han recibido su correspondencia al d&iacute;a y que un m&iacute;nimo de 6.000 certificados han sufrido el retraso de su entrega de, como poco, un d&iacute;a.<\/p>\n<p> El resultado de de nuestro trabajo de campo lo hemos trasladado a la Directora de Zona y hoy mismo lo trasladaremos, ampliado, al Centro Directivo en Madrid.<\/p>\n<p> Desgraciadamente los datos que seguimos recibiendo en esta segunda quincena de julio nos indican una mayor afecci&oacute;n al reparto: se detectan zonas con dos y tres d&iacute;as sin repartir y este fen&oacute;meno se ha extendido a casi todos los centros de reparto en Bizkaia con una previsi&oacute;n de caos total para fin de mes y primera semana de agosto. <\/p>\n<p> Teniendo en cuenta que el 25 y 31 son jornada festivas y que los d&iacute;as 28, 29 y 30 inicia su periodo vacacional un m&iacute;nimo del 45 % de la plantilla y no hay prevista contrataci&oacute;n de sustituci&oacute;n para esos d&iacute;as la situaci&oacute;n en todas las unidades de reparto va a ser ingobernable con retrasos inadmisibles en la entrega de correspondencia.<\/p>\n<p> <strong>IMPACTO EN LOS USUARIOS Y EMPLEADAS Y EMPLEADOS DE CORREOS<br \/> <\/strong><br \/> La Ley 43\/2010 que regula el servicio postal universal, los derechos de los usuarios y del mercado postal, reconoce a los ciudadanos el derecho a recibir la correspondencia diariamente, de lunes a viernes.<\/p>\n<p> Si, a lo largo del a&ntilde;o, la pol&iacute;tica de reducci&oacute;n de gasto de personal de la empresa est&aacute; haciendo muy dif&iacute;cil dar cumplimiento a ese derecho, en &eacute;poca estival de modo generalizado est&aacute; siendo imposible. <\/p>\n<p> Es m&aacute;s, por lo indicado anteriormente, en esta segunda quincena de julio y primera de agosto la gesti&oacute;n totalmente mercantilista del reparto que realiza la Direcci&oacute;n de Zona y Jefatura Provincial nos sit&uacute;a en un entorno que podemos calificar de abandono de las obligaciones p&uacute;blicas del operador postal en materia de reparto.<\/p>\n<p> Por otro lado, la insuficiencia de plantilla est&aacute; teniendo un impacto muy negativo en las condiciones de trabajo del personal fijo y muy especialmente en el temporal ya que est&aacute;n siendo cambiados constantemente de zona de reparto, todas ellas sin repartir en d&iacute;as anteriores, mermando su capacidad productiva y limitando la eficacia de los contratos de sustituci&oacute;n de vacaciones.<\/p>\n<p> <strong>COMPORTAMIENTO DE LA DIRECCION DE ZONA Y JEFATURA PROVINCIAL<br \/> <\/strong><br \/> Las organizaciones sindicales presentes dejamos claro que no estamos cerrados a negociar la adaptaci&oacute;n de las plantillas a la evoluci&oacute;n de las cargas de trabajo pero siempre que ello permita dar cumplimiento al derecho de los usuarios. Es decir: que el n&uacute;mero de trabajadoras y trabajadores empleados permita recorrer diariamente todas las &aacute;reas de reparto.<\/p>\n<p> Por el contrario la Direcci&oacute;n de Zona y Jefatura Provincial nos presentan los estudios de dimensionamiento de plantilla como incuestionables e inaplazables; el papel que pretenden de la representaci&oacute;n sindical es el de gestionar los excedentes de plantilla que generan sus estudios incuestionables; los datos presentados por las organizaciones sindicales son ignorados; los intentos recientes por reunirnos con la Directora de Zona, Concepci&oacute;n Peraita, para trasladarle nuestra informaci&oacute;n y preocupaci&oacute;n por el reparto tampoco han sido atendidos. <\/p>\n<p> En definitiva, la Direcci&oacute;n de Zona y Provincial se han encerrado en si mismas y niegan el empleo necesario para hacer efectivo el derecho de los ciudadanos en materia postal. <\/p>\n<p> Esta actitud deja a las organizaciones sindicales una &uacute;nica v&iacute;a de intervenci&oacute;n: la confrontaci&oacute;n. <br \/> De momento estamos realizando todos los mi&eacute;rcoles concentraciones de protesta en la central de Correos de Bilbao y en algunos centros especialmente afectados por los recortes, convocamos un paro de dos horas con manifestaci&oacute;n a la que acudieron 200 empleadas y empleados de reparto y, si la cobertura de puestos de reparto y la actitud de la Directora de Zona y Jefatura Provincial, no sufre variaciones no descartamos incrementar las protestas durante todo el oto&ntilde;o.<\/p>\n<p> En nuestra opini&oacute;n, para garantizar el derecho de los ciudadanos en materia postal en Bizkaia no queda m&aacute;s remedio que revisar los &uacute;ltimos dimensionamientos de plantilla presentados, a fin de alcanzar una dotaci&oacute;n de plantilla estructural que permita el reparto de todo el territorio diariamente y el incremento del empleo temporal de sustituci&oacute;n para alcanzar el mismo fin.<\/p>\n<p> Lamentamos profundamente que la Directora de Zona y Jefatura Provincial, desde su condici&oacute;n de empleados p&uacute;blicos y gestores de una empresa p&uacute;blica y rentable con encomienda de prestar un servicio p&uacute;blico universal, el postal, se nieguen a contribuir a la mejora del empleo pese a que es totalmente necesario para que Correos cumpla con su obligaci&oacute;n social.<br \/> &nbsp;<\/div>\n<div style=\"width:180px; float:left; padding-left:15px;\">\n<div style=\"text-align: center; \"><a href=\"\/rssak\"><input type=\"image\" src=\"\/materiala\/argazkiak\/feed.png\" alt=\"RSSak\" width=\"30\" height=\"30\" longdesc=\"undefined\" \/><\/a><a target=\"_blank\" href=\"http:\/\/www.facebook.com\/pages\/LAB-sindikatua\/292846207397345\" rel=\"noopener noreferrer\"><input type=\"image\" src=\"\/modules\/mod_socialmediacloud\/icons\/facebook.png\" alt=\"LAB Facebooken\" width=\"30\" height=\"30\" longdesc=\"undefined\" \/><\/a><a target=\"_blank\" href=\"http:\/\/issuu.com\/lab_argitalpenak\" rel=\"noopener noreferrer\"><input type=\"image\" src=\"\/modules\/mod_socialmediacloud\/icons\/issuu.png\" width=\"30\" height=\"30\" longdesc=\"undefined\" \/><\/a><a target=\"_blank\" href=\"http:\/\/es.scribd.com\/LABsindikatua\" rel=\"noopener noreferrer\"><input type=\"image\" src=\"\/modules\/mod_socialmediacloud\/icons\/scribd.png\" width=\"30\" height=\"30\" longdesc=\"undefined\" \/><br \/> <\/a><\/div>\n<div style=\"text-align: center; \"><a target=\"_blank\" href=\"http:\/\/twitter.com\/LABsindikatua\" rel=\"noopener noreferrer\"><input type=\"image\" src=\"\/modules\/mod_socialmediacloud\/icons\/twitter.png\" width=\"30\" height=\"30\" longdesc=\"undefined\" \/><\/a><a target=\"_blank\" href=\"http:\/\/www.youtube.com\/user\/labsindikatua\" rel=\"noopener noreferrer\"><input type=\"image\" src=\"\/modules\/mod_socialmediacloud\/icons\/youtube.png\" width=\"30\" height=\"30\" longdesc=\"undefined\" \/><\/a><a target=\"_blank\" href=\"http:\/\/www.flickr.com\/photos\/lab-sindikatua\/\" rel=\"noopener noreferrer\"><input type=\"image\" src=\"\/modules\/mod_socialmediacloud\/icons\/flickr.png\" width=\"30\" height=\"30\" longdesc=\"undefined\" \/><\/a><a href=\"http:\/\/www.labsindikatua.org\/eu\/hasiera\/upload\"><input type=\"image\" src=\"\/modules\/mod_socialmediacloud\/icons\/igo.png\" width=\"30\" height=\"30\" longdesc=\"undefined\" \/><\/a><\/div>\n<p> &nbsp;<\/p><\/div>\n<div>&nbsp;<\/div>\n","protected":false},"excerpt":{"rendered":"<p>Los sindicatos CCOO, LAB, ESK, UGT, CSIF y ELA denuncian que la eliminaci&oacute;n de 38 secciones de reparto en varias poblaciones de Bizkaia y Distritos de Bilbao en los dos &uacute;ltimos a&ntilde;os y la fuerte reducci&oacute;n de los contratos temporales de sustituci&oacute;n para el periodo vacacional est&aacute; haciendo imposible el reparto diario de la correspondencia. [&hellip;]<\/p>\n","protected":false},"author":1,"featured_media":12255,"comment_status":"open","ping_status":"open","sticky":false,"template":"","format":"standard","meta":{"_monsterinsights_skip_tracking":false,"_monsterinsights_sitenote_active":false,"_monsterinsights_sitenote_note":"","_monsterinsights_sitenote_category":0,"footnotes":"","_links_to":"","_links_to_target":""},"categories":[81],"tags":[978,548,1404,881],"class_list":{"0":"post-3609","1":"post","2":"type-post","3":"status-publish","4":"format-standard","5":"has-post-thumbnail","7":"category-posta","8":"tag-correos","9":"tag-eskubi","10":"tag-posta","11":"tag-zerbitzu-publikoak"},"_links":{"self":[{"href":"https:\/\/www.lab.eus\/es\/wp-json\/wp\/v2\/posts\/3609","targetHints":{"allow":["GET"]}}],"collection":[{"href":"https:\/\/www.lab.eus\/es\/wp-json\/wp\/v2\/posts"}],"about":[{"href":"https:\/\/www.lab.eus\/es\/wp-json\/wp\/v2\/types\/post"}],"author":[{"embeddable":true,"href":"https:\/\/www.lab.eus\/es\/wp-json\/wp\/v2\/users\/1"}],"replies":[{"embeddable":true,"href":"https:\/\/www.lab.eus\/es\/wp-json\/wp\/v2\/comments?post=3609"}],"version-history":[{"count":0,"href":"https:\/\/www.lab.eus\/es\/wp-json\/wp\/v2\/posts\/3609\/revisions"}],"wp:featuredmedia":[{"embeddable":true,"href":"https:\/\/www.lab.eus\/es\/wp-json\/wp\/v2\/media\/12255"}],"wp:attachment":[{"href":"https:\/\/www.lab.eus\/es\/wp-json\/wp\/v2\/media?parent=3609"}],"wp:term":[{"taxonomy":"category","embeddable":true,"href":"https:\/\/www.lab.eus\/es\/wp-json\/wp\/v2\/categories?post=3609"},{"taxonomy":"post_tag","embeddable":true,"href":"https:\/\/www.lab.eus\/es\/wp-json\/wp\/v2\/tags?post=3609"}],"curies":[{"name":"wp","href":"https:\/\/api.w.org\/{rel}","templated":true}]}}