{"id":36082,"date":"2021-06-14T08:37:35","date_gmt":"2021-06-14T08:37:35","guid":{"rendered":"https:\/\/www.lab.eus\/?p=36082"},"modified":"2021-06-14T08:37:37","modified_gmt":"2021-06-14T08:37:37","slug":"hemos-convocado-una-manifestacion-para-el-viernes-en-bilbo-en-solidaridad-con-los-pueblos-en-lucha","status":"publish","type":"post","link":"https:\/\/www.lab.eus\/es\/hemos-convocado-una-manifestacion-para-el-viernes-en-bilbo-en-solidaridad-con-los-pueblos-en-lucha\/","title":{"rendered":"Hemos convocado una manifestaci\u00f3n para el viernes en Bilbo en solidaridad con los pueblos en lucha"},"content":{"rendered":"\n<p>La movilizaci\u00f3n arrancar\u00e1 a las 18:30 desde la plaza El\u00edptica, bajo el lema \u00abVida, paz y libertad. Gora Herriak\u00bb. Este es el manifiesto hecho p\u00fablico por los convocantes, entre los que nos inclu\u00edmos:<\/p>\n\n\n\n<p><strong>Vida, paz y libertad. Gora Herriak!<\/strong><\/p>\n\n\n\n<p>El pasado 23 de mayo cientos de personas nos reunimos en Donostia para denunciar la violenta represi\u00f3n del Gobierno de Duque contra las personas manifestantes en Colombia; el estado de Guerra del Sahara Occidental que resiste frente a la ocupaci\u00f3n marroqu\u00ed; la ofensiva militar contra la poblaci\u00f3n Palestina en Gaza a manos del ej\u00e9rcito de Israel y la violencia y opresi\u00f3n que sufre el pueblo de Kurdist\u00e1n.<\/p>\n\n\n\n<p>Hoy tras la experiencia positiva de aquella manifestaci\u00f3n, ampliamos nuestra reivindicaci\u00f3n en un momento en el que no podemos dejar de recordar la lucha en Am\u00e9rica Latina para abrir nuevos caminos de justicia y esperanza en Abya Yala. La lucha de los pueblos originarios por su derecho a existir, la vulneraci\u00f3n constante de los derechos humanos y los diferentes conflictos tambi\u00e9n en \u00c1frica y en Asia donde constantemente se atenta contra la vida, as\u00ed como las sanciones y bloqueo impuestos a diferentes pa\u00edses.<\/p>\n\n\n\n<p>La solidaridad internacionalista toma las calles hoy para gritar fuerte a favor de la justicia, el derecho de los pueblos a existir y decidir sobre su futuro, el derecho universal a la protesta y la paz. Hoy salimos a la calle para denunciar tambi\u00e9n todo tipo de discriminaciones y vulneraciones de derechos humanos que a d\u00eda de hoy siguen reproduci\u00e9ndose en distintas partes del mundo por cuestiones ideol\u00f3gicas, raciales y de g\u00e9nero.<\/p>\n\n\n\n<p>Todas estas luchas se conectan y hoy m\u00e1s que nunca se hace necesario alzar las voces contra los sistemas y estados capitalistas, ecocidas, hetero-patriarcales, neo-coloniales y fuertemente militarizados. Estados que hacen uso de la violencia para defender los intereses del capital y el estatus quo. Y lo hacen una vez m\u00e1s criminalizando la protesta, reprimiendo las voces que se alzan en defensa de los derechos humanos, los derechos de los pueblos y los territorios.&nbsp;<\/p>\n\n\n\n<p>No podemos dejar sin nombrar a aquellas personas que se ven obligadas a dejar sus lugares de origen. Desplazamientos que est\u00e1n directamente relacionados con un cambio clim\u00e1tico cada vez m\u00e1s evidente y por supuesto por las relaciones desiguales entre el norte y el sur global que a d\u00eda de hoy siguen reproduci\u00e9ndose.&nbsp;<\/p>\n\n\n\n<p>A puertas de 20 de junio reivindicamos tambi\u00e9n el derecho al asilo y al refugio de todas las personas que se ven obligas a huir de la violencia, los conflictos y persecuci\u00f3n en sus pa\u00edses de origen, encontr\u00e1ndose aqu\u00ed en muchas ocasiones con muros simb\u00f3licos y f\u00edsicos vulnerando el derecho humano universal y b\u00e1sico de la libre movilidad e imponiendo grandes barreras administrativas para el ejercicio de derechos universales.<\/p>\n\n\n\n<p>El contexto de pandemia de COVID19 ha dejado m\u00e1s que nunca en evidencia la imposibilidad de este sistema para el sostenimiento de la vida de las personas y otros seres del planeta.&nbsp;<\/p>\n\n\n\n<p>No podemos dejar de mencionar el auge del neo-fascismo y de la ultraderecha que en distintos pa\u00edses cada vez tiene m\u00e1s fuerza, atacando gravemente a los derechos humanos, y las diferentes voces se han revelado frente a este sistema que atenta contra todo aquello que lo pone en cuesti\u00f3n.<\/p>\n\n\n\n<p>Hoy y siempre es importante y necesario se\u00f1alar las causas que est\u00e1n en el fondo de esta cuesti\u00f3n y tienen que ver con empresas que expolian recursos naturales, leyes de extranjer\u00eda, sistemas que reproducen desigualdades tambi\u00e9n en las relaciones norte-sur, junto con un capitalismo voraz que sigue encontrando las v\u00edas para seguir creciendo y acumulando riqueza a costa de las vidas de tantas y tantas personas.&nbsp;<\/p>\n\n\n\n<p>Por todo ello hoy tomamos las calles como pueblo en solidaridad internacionalista con los distintos pueblos en lucha en el mundo, porque la ofensiva capitalista y neo-colonial nos tiene y seguir\u00e1 teniendo delante.&nbsp;<\/p>\n\n\n\n<p>Euskal Herria, pueblo siempre solidario con las causas justas, reivindicar\u00e1 una vez m\u00e1s con rotundidad;&nbsp;<\/p>\n\n\n\n<p>Gora bizitza, gora herriak eta gora herrien borrokak!<\/p>\n","protected":false},"excerpt":{"rendered":"<p>La movilizaci\u00f3n arrancar\u00e1 a las 18:30 desde la plaza El\u00edptica, bajo el lema \u00abVida, paz y libertad. Gora Herriak\u00bb.<\/p>\n","protected":false},"author":1189,"featured_media":36081,"comment_status":"closed","ping_status":"closed","sticky":false,"template":"","format":"standard","meta":{"_monsterinsights_skip_tracking":false,"_monsterinsights_sitenote_active":false,"_monsterinsights_sitenote_note":"","_monsterinsights_sitenote_category":0,"footnotes":"","_links_to":"","_links_to_target":""},"categories":[3402,4,3283],"tags":[3178,3173],"class_list":{"0":"post-36082","1":"post","2":"type-post","3":"status-publish","4":"format-standard","5":"has-post-thumbnail","7":"category-accion-politica","8":"category-es-internacional","9":"category-sin-categorizar","10":"tag-destacado-1","11":"tag-internacional-es"},"_links":{"self":[{"href":"https:\/\/www.lab.eus\/es\/wp-json\/wp\/v2\/posts\/36082","targetHints":{"allow":["GET"]}}],"collection":[{"href":"https:\/\/www.lab.eus\/es\/wp-json\/wp\/v2\/posts"}],"about":[{"href":"https:\/\/www.lab.eus\/es\/wp-json\/wp\/v2\/types\/post"}],"author":[{"embeddable":true,"href":"https:\/\/www.lab.eus\/es\/wp-json\/wp\/v2\/users\/1189"}],"replies":[{"embeddable":true,"href":"https:\/\/www.lab.eus\/es\/wp-json\/wp\/v2\/comments?post=36082"}],"version-history":[{"count":0,"href":"https:\/\/www.lab.eus\/es\/wp-json\/wp\/v2\/posts\/36082\/revisions"}],"wp:featuredmedia":[{"embeddable":true,"href":"https:\/\/www.lab.eus\/es\/wp-json\/wp\/v2\/media\/36081"}],"wp:attachment":[{"href":"https:\/\/www.lab.eus\/es\/wp-json\/wp\/v2\/media?parent=36082"}],"wp:term":[{"taxonomy":"category","embeddable":true,"href":"https:\/\/www.lab.eus\/es\/wp-json\/wp\/v2\/categories?post=36082"},{"taxonomy":"post_tag","embeddable":true,"href":"https:\/\/www.lab.eus\/es\/wp-json\/wp\/v2\/tags?post=36082"}],"curies":[{"name":"wp","href":"https:\/\/api.w.org\/{rel}","templated":true}]}}