{"id":36071,"date":"2021-06-12T07:38:00","date_gmt":"2021-06-12T07:38:00","guid":{"rendered":"https:\/\/www.lab.eus\/?p=36071"},"modified":"2021-06-14T07:41:53","modified_gmt":"2021-06-14T07:41:53","slug":"ante-la-hipotetica-compra-de-itp-por-parte-de-aernnova-pedimos-al-gobierno-vasco-que-garantice-el-empleo","status":"publish","type":"post","link":"https:\/\/www.lab.eus\/es\/ante-la-hipotetica-compra-de-itp-por-parte-de-aernnova-pedimos-al-gobierno-vasco-que-garantice-el-empleo\/","title":{"rendered":"Ante la hip\u00f3tetica compra de ITP por parte de Aernnova, pedimos al Gobierno Vasco que garantice el empleo"},"content":{"rendered":"\n<p>LAB ve con buenos ojos la participaci\u00f3n directa del Gobierno Vasco en sectores que pueden ser estrat\u00e9gicos. Una de las principales iniciativas de la pol\u00edtica industrial deber\u00eda ser la realizaci\u00f3n de inversiones directas, siempre dentro de una estrategia general y organizada y no como hasta ahora. Nos han explicado esta medida del Gobierno como una medida contra las deslocalizaciones y a favor del arraigo de las empresas, pero, para que esta estrategia sea eficaz, el Gobierno Vasco debe imponer unas condiciones a las multinacionales privadas. En este caso, ante la posible compra de ITP por parte de Aernnova, debe proteger los puestos de trabajo de ITP Aero y Aernnova. Los trabajadores que fueron despedidos injustamente deben volver inmediatamente a sus puestos de trabajo. Las dos empresas han querido utilizar el efecto de la pandemia para destruir puestos de trabajo en lugar de tomar otras medidas.<\/p>\n\n\n\n<p>Cabe recordar que los tribunales anularon los despidos de ITP Aero (PCB) y que la empresa a\u00fan no ha cumplido la sentencia. El Gobierno Vasco, comocondici\u00f3n para participar con capital p\u00fablico, debe poner como condici\u00f3n a ITP Aero que ejecute la sentencia y que se comprometa a no recurrir.<\/p>\n\n\n\n<p>En el caso de Aernnova, el aumento de la carga de trabajo actual deja bien claro que no hab\u00eda ninguna necesidad de realizar despidos. No hay que premiar a las empresas que han hecho despidos sin justificaci\u00f3n, hay que exigirles compromisos con el empleo si se les va a dar dinero p\u00fablico. De lo contrario, el Gobierno Vasco, por iniciativa propia, estar\u00eda premiando a las empresas que realicen despidos y deslocalizaciones. Es decir, dar\u00eda un nuevo paso en su pol\u00edtica de desindustrializaci\u00f3n.<\/p>\n","protected":false},"excerpt":{"rendered":"<p>Para que cualquier estrategia sea eficaz, el Gobierno Vasco debe imponer unas condiciones a las multinacionales privadas.<\/p>\n","protected":false},"author":1189,"featured_media":36069,"comment_status":"closed","ping_status":"closed","sticky":false,"template":"","format":"standard","meta":{"_monsterinsights_skip_tracking":false,"_monsterinsights_sitenote_active":false,"_monsterinsights_sitenote_note":"","_monsterinsights_sitenote_category":0,"footnotes":"","_links_to":"","_links_to_target":""},"categories":[2868],"tags":[3178,2996],"class_list":{"0":"post-36071","1":"post","2":"type-post","3":"status-publish","4":"format-standard","5":"has-post-thumbnail","7":"category-industria-es","8":"tag-destacado-1","9":"tag-industria-es"},"_links":{"self":[{"href":"https:\/\/www.lab.eus\/es\/wp-json\/wp\/v2\/posts\/36071","targetHints":{"allow":["GET"]}}],"collection":[{"href":"https:\/\/www.lab.eus\/es\/wp-json\/wp\/v2\/posts"}],"about":[{"href":"https:\/\/www.lab.eus\/es\/wp-json\/wp\/v2\/types\/post"}],"author":[{"embeddable":true,"href":"https:\/\/www.lab.eus\/es\/wp-json\/wp\/v2\/users\/1189"}],"replies":[{"embeddable":true,"href":"https:\/\/www.lab.eus\/es\/wp-json\/wp\/v2\/comments?post=36071"}],"version-history":[{"count":0,"href":"https:\/\/www.lab.eus\/es\/wp-json\/wp\/v2\/posts\/36071\/revisions"}],"wp:featuredmedia":[{"embeddable":true,"href":"https:\/\/www.lab.eus\/es\/wp-json\/wp\/v2\/media\/36069"}],"wp:attachment":[{"href":"https:\/\/www.lab.eus\/es\/wp-json\/wp\/v2\/media?parent=36071"}],"wp:term":[{"taxonomy":"category","embeddable":true,"href":"https:\/\/www.lab.eus\/es\/wp-json\/wp\/v2\/categories?post=36071"},{"taxonomy":"post_tag","embeddable":true,"href":"https:\/\/www.lab.eus\/es\/wp-json\/wp\/v2\/tags?post=36071"}],"curies":[{"name":"wp","href":"https:\/\/api.w.org\/{rel}","templated":true}]}}