{"id":36038,"date":"2021-06-11T12:23:35","date_gmt":"2021-06-11T12:23:35","guid":{"rendered":"https:\/\/www.lab.eus\/?p=36038"},"modified":"2021-06-11T12:23:36","modified_gmt":"2021-06-11T12:23:36","slug":"nueva-muerte-laboral-la-tercera-de-la-semana-un-trabajador-de-un-centro-especial-de-empleo-sufre-un-infarto","status":"publish","type":"post","link":"https:\/\/www.lab.eus\/es\/nueva-muerte-laboral-la-tercera-de-la-semana-un-trabajador-de-un-centro-especial-de-empleo-sufre-un-infarto\/","title":{"rendered":"Nueva muerte laboral, la tercera de la semana; un trabajador de un centro especial de empleo sufre un infarto"},"content":{"rendered":"\n<p>La sangria de los accidentes no tiene fin. Esta semana tres trabajadores han fallecido en su centro de trabajo. Hoy hemos tenido conocimiento de que, el dia 9 de junio, un trabajador del centro especial de empleo\u00a0Lantegi Batuak de Loiu sufri\u00f3 un infarto, falleciendo en el acto.<br><br>Con este fallecimiento, en Euskal Herria, en el lo que va de a\u00f1o,\u00a0<a href=\"https:\/\/www.lab.eus\/2021ean-lan-istripuan-hildako-langileak\/\">han muerto, por lo menos, 27\u00a0\u00a0trabajadoras y trabajadores.<\/a>\u00a0<br><br>En primer lugar, desde el sindicato LAB queremos trasladar a los familiares y compa\u00f1eras y compa\u00f1eros nuestra solidaridad y apoyo. Es alarmante el incremento de accidentes mortales no traum\u00e1ticos. Detr\u00e1s de todos los accidentes se encuentran las malas condiciones de vida\u00a0y de trabajo.\u00a0Los accidentes no traum\u00e1ticos se han convertido en la primera causa de\u00a0los accidentes laborales mortales. En 2020, el 25% de los accidentes mortales fueron no traum\u00e1ticos.<br><br>Tenemos claro que los accidentes laborales, traum\u00e1ticos o no traum\u00e1ticos,\u00a0no son fruto del azar o de la casualidad, son el resultado de las relaciones laborales que se dan, de la precarizaci\u00f3n, la normativa laboral, la subcontrataci\u00f3n y del actual mercado de trabajo\u00a0<br><br>Desde el sindicato LAB, lo tenemos claro. Necesitamos vivir y trabajar dignamente. Tenemos derecho a volver sanas y salvos del trabajo. La \u00fanica manera de\u00a0\u00a0acabar con esta lacra es la lucha y la organizaci\u00f3n. El cambio vendr\u00e1 de un cambio de las relaciones laborales y de las reglas de juego, un nuevo modelo que priorize la vida y la salud de los trabajores y trabajadoras por encima de todo lo dem\u00e1s.<\/p>\n","protected":false},"excerpt":{"rendered":"<p>Semana dura para la clase trabajadora vasca. Hemos tenido conocimiento de otra muerte laboral. Un trabajador de 39 a\u00f1os de Lantegi Batuak muri\u00f3 el mi\u00e9rcoles en Loiu tras encontrarse mal.<\/p>\n","protected":false},"author":1189,"featured_media":25536,"comment_status":"closed","ping_status":"closed","sticky":false,"template":"","format":"standard","meta":{"_monsterinsights_skip_tracking":false,"_monsterinsights_sitenote_active":false,"_monsterinsights_sitenote_note":"","_monsterinsights_sitenote_category":0,"footnotes":"","_links_to":"","_links_to_target":""},"categories":[18,130,15,3283],"tags":[3033,3178,3263,3083],"class_list":{"0":"post-36038","1":"post","2":"type-post","3":"status-publish","4":"format-standard","5":"has-post-thumbnail","7":"category-es-accion-sindical","8":"category-es-la-precariedad-mata-es-salud-laboral","9":"category-es-salud-laboral","10":"category-sin-categorizar","11":"tag-accion-sindical-es","12":"tag-destacado-1","13":"tag-la-precariedad-mata-es-2","14":"tag-salud-laboral-es"},"_links":{"self":[{"href":"https:\/\/www.lab.eus\/es\/wp-json\/wp\/v2\/posts\/36038","targetHints":{"allow":["GET"]}}],"collection":[{"href":"https:\/\/www.lab.eus\/es\/wp-json\/wp\/v2\/posts"}],"about":[{"href":"https:\/\/www.lab.eus\/es\/wp-json\/wp\/v2\/types\/post"}],"author":[{"embeddable":true,"href":"https:\/\/www.lab.eus\/es\/wp-json\/wp\/v2\/users\/1189"}],"replies":[{"embeddable":true,"href":"https:\/\/www.lab.eus\/es\/wp-json\/wp\/v2\/comments?post=36038"}],"version-history":[{"count":0,"href":"https:\/\/www.lab.eus\/es\/wp-json\/wp\/v2\/posts\/36038\/revisions"}],"wp:featuredmedia":[{"embeddable":true,"href":"https:\/\/www.lab.eus\/es\/wp-json\/wp\/v2\/media\/25536"}],"wp:attachment":[{"href":"https:\/\/www.lab.eus\/es\/wp-json\/wp\/v2\/media?parent=36038"}],"wp:term":[{"taxonomy":"category","embeddable":true,"href":"https:\/\/www.lab.eus\/es\/wp-json\/wp\/v2\/categories?post=36038"},{"taxonomy":"post_tag","embeddable":true,"href":"https:\/\/www.lab.eus\/es\/wp-json\/wp\/v2\/tags?post=36038"}],"curies":[{"name":"wp","href":"https:\/\/api.w.org\/{rel}","templated":true}]}}