{"id":36012,"date":"2021-06-11T09:58:08","date_gmt":"2021-06-11T09:58:08","guid":{"rendered":"https:\/\/www.lab.eus\/?p=36012"},"modified":"2021-06-11T10:00:31","modified_gmt":"2021-06-11T10:00:31","slug":"hemos-reivindicado-en-gasteiz-en-la-sede-de-eulen-que-las-trabajadoras-de-limpieza-son-esenciales","status":"publish","type":"post","link":"https:\/\/www.lab.eus\/es\/hemos-reivindicado-en-gasteiz-en-la-sede-de-eulen-que-las-trabajadoras-de-limpieza-son-esenciales\/","title":{"rendered":"Hemos reivindicado en Gasteiz, en la sede de Eulen, que las trabajadoras de limpieza son esenciales"},"content":{"rendered":"\n<p><a href=\"https:\/\/www.lab.eus\/es\/hemos-reivindicado-en-el-puente-de-deustu-que-se-reconozca-se-dignifique-y-se-proteja-el-trabajo-en-los-sectores-feminizados\/\">Sentadas en el puente de Deustu<\/a>, <a href=\"https:\/\/www.lab.eus\/es\/hemos-denunciado-en-el-centro-de-donostia-que-es-inaceptable-superar-la-crisis-a-costa-de-las-condiciones-laborales-y-de-los-puestos-de-trabajo-de-las-mujeres\/\">subidas a un autob\u00fas articulado en el centro de Donostia<\/a>, mediante una <a href=\"https:\/\/www.lab.eus\/es\/hemos-reivindicado-que-las-trabajadoras-del-comercio-alimentario-tambien-son-esenciales-mediante-una-accion-itinerante-en-irunea\/\">acci\u00f3n itinerante en los supermercados de Iru\u00f1ea<\/a> y, hoy, entrando en la sede de la empresa Eulen en Gasteiz. Esta semana hemos estado denunciando la precarizaci\u00f3n y destrucci\u00f3n de empleo en los sectores feminizados, en el marco de una din\u00e1mica activista promovida por LAB. Hoy hemos entrado en la sede de Eulen en la capital alavesa, una de las principales empresas del sector de limpieza, para reivindicar unas condiciones de trabajo y de vida dignas para las trabajadoras del sector.<\/p>\n\n\n\n<p>Hemos pedido que se reduzca la parcialidad del personal de limpieza, as\u00ed como que aplique un salario m\u00ednimo de 1.200 euros porque \u00abson trabajadoras b\u00e1sicas, son esenciales\u00bb. As\u00ed lo hemos destacado en la sede de Eulen.<\/p>\n","protected":false},"excerpt":{"rendered":"<p>En el marco de la din\u00e1mica activista llevada a cabo por LAB estos d\u00edas, hemos pedido que se reduzca la parcialidad del personal de limpieza, as\u00ed como que se aplique un salario m\u00ednimo de 1.200 euros porque \u00abson trabajadoras b\u00e1sicas, son esenciales\u00bb.<\/p>\n","protected":false},"author":1189,"featured_media":36018,"comment_status":"closed","ping_status":"closed","sticky":false,"template":"","format":"standard","meta":{"_monsterinsights_skip_tracking":false,"_monsterinsights_sitenote_active":false,"_monsterinsights_sitenote_note":"","_monsterinsights_sitenote_category":0,"footnotes":"","_links_to":"","_links_to_target":""},"categories":[18,2944,2894,20,3281,8],"tags":[3178,3191,3172],"class_list":{"0":"post-36012","1":"post","2":"type-post","3":"status-publish","4":"format-standard","5":"has-post-thumbnail","7":"category-es-accion-sindical","8":"category-limpieza","9":"category-mujeres","10":"category-es-mujeres","11":"category-secretaria-feminista","12":"category-es-servicios-privados","13":"tag-destacado-1","14":"tag-mujeres","15":"tag-servicios-privados-es"},"_links":{"self":[{"href":"https:\/\/www.lab.eus\/es\/wp-json\/wp\/v2\/posts\/36012","targetHints":{"allow":["GET"]}}],"collection":[{"href":"https:\/\/www.lab.eus\/es\/wp-json\/wp\/v2\/posts"}],"about":[{"href":"https:\/\/www.lab.eus\/es\/wp-json\/wp\/v2\/types\/post"}],"author":[{"embeddable":true,"href":"https:\/\/www.lab.eus\/es\/wp-json\/wp\/v2\/users\/1189"}],"replies":[{"embeddable":true,"href":"https:\/\/www.lab.eus\/es\/wp-json\/wp\/v2\/comments?post=36012"}],"version-history":[{"count":0,"href":"https:\/\/www.lab.eus\/es\/wp-json\/wp\/v2\/posts\/36012\/revisions"}],"wp:featuredmedia":[{"embeddable":true,"href":"https:\/\/www.lab.eus\/es\/wp-json\/wp\/v2\/media\/36018"}],"wp:attachment":[{"href":"https:\/\/www.lab.eus\/es\/wp-json\/wp\/v2\/media?parent=36012"}],"wp:term":[{"taxonomy":"category","embeddable":true,"href":"https:\/\/www.lab.eus\/es\/wp-json\/wp\/v2\/categories?post=36012"},{"taxonomy":"post_tag","embeddable":true,"href":"https:\/\/www.lab.eus\/es\/wp-json\/wp\/v2\/tags?post=36012"}],"curies":[{"name":"wp","href":"https:\/\/api.w.org\/{rel}","templated":true}]}}