{"id":35862,"date":"2021-06-08T14:09:35","date_gmt":"2021-06-08T14:09:35","guid":{"rendered":"https:\/\/www.lab.eus\/?p=35862"},"modified":"2021-06-08T14:09:37","modified_gmt":"2021-06-08T14:09:37","slug":"seguiremos-velando-por-las-condiciones-laborales-de-las-plantillas-de-alga-e-inervol","status":"publish","type":"post","link":"https:\/\/www.lab.eus\/es\/seguiremos-velando-por-las-condiciones-laborales-de-las-plantillas-de-alga-e-inervol\/","title":{"rendered":"Seguiremos velando por las condiciones laborales de las plantillas de Alga e Inervol"},"content":{"rendered":"\n<p>Ayer lunes, 7 de junio, estaba convocada una huelga indefinida que deb\u00eda dar inicio a las 22:00 para las plantas de Inervol de Zaldibar y Alga de Abadi\u00f1o. El motivo fundamental de la misma era que la empresa abonase el salario de este mes (algo que hab\u00eda transmitido que no iba a hacer) y fuese transparente en cuanto a la informaci\u00f3n econ\u00f3mico-financiera de la empresa, dejando claro que la plantilla no estaba dispuesta a asumir m\u00e1s salarios adeudados, mucho menos cuando se est\u00e1 trabajando a tope.<\/p>\n\n\n\n<p>Durante la tarde de ayer, la empresa termin\u00f3 de abonar la totalidad de la n\u00f3mina de este mes, facilit\u00f3 la documentaci\u00f3n econ\u00f3mico-financiera requerida y se comprometi\u00f3 a dar dicha informaci\u00f3n de manera semanal, para que el comit\u00e9 de empresa de Alga e Inervol as\u00ed como su plantilla conozcan en todo momento la situaci\u00f3n real de la empresa.<\/p>\n\n\n\n<p>Dado que la empresa satisfizo las principales demandas que provocaron la convocatoria de huelga, en asamblea celebrada ayer a la noche en las instalaciones de Alga, los trabajadores y trabajadoras decidieron suspender la huelga que se iba a iniciar esa misma noche. 87 personas votaron a favor de suspenderla, 31 en contra, y 2 se abstuvieron.<\/p>\n\n\n\n<p>El grupo Industrias Alga, al que pertenecen las empresas Inervol de Zaldibar y Alga de Abadi\u00f1o, lleva 18 meses inmersa en una situaci\u00f3n muy delicada econ\u00f3mica y financieramente, aunque cuente con una alta carga de trabajo. Actualmente pertenece al grupo Amtek, grupo internacional indio, que est\u00e1 inmerso en un proceso concursal en India.<\/p>\n\n\n\n<p>Aunque parece ser que este concurso se resolver\u00e1 en unos semanas o meses, adjudic\u00e1ndoselo a un nuevo propietario, desde que el grupo Amtek se hizo con la propiedad de Industrias Alga \u00e9sta ha sufrido un deterioro notable, hasta incluso situarlo en una situaci\u00f3n de posible quiebra. Actualmente se adeudan algo m\u00e1s que dos n\u00f3minas a las y los trabajadores, adem\u00e1s de la abonada ayer.<\/p>\n\n\n\n<p>Desde LAB tenemos claro que vista la situaci\u00f3n de la empresa y en tanto en cuanto no termine de aterrizar un nuevo due\u00f1o de la empresa, nos volveremos a ver abocados y abocadas a movilizaciones, convocatorias de huelga, etc. La soluci\u00f3n pasa porque el nuevo due\u00f1o que venga invierta en la renovaci\u00f3n de instalaciones y maquinar\u00eda, dote de dinero a la empresa para hacer frente a las deudas con la plantilla, y tenga caja suficiente para no tener tensiones de liquidez en el futuro. Estamos convencidos y convencidas de que Industrias Alga tiene futuro (tiene buenos clientes, hace un trabajo muy especializado, &#8230;) pero hay que ir dando pasos antes de que sea tarde.<\/p>\n\n\n\n<p>Queremos dejar claro a los due\u00f1os actuales, y los que puedan venir en el futuro, que no trabajamos gratis, y que en todo caso seguiremos velando por las condiciones laborales de la plantilla de Alga e Inervol.<\/p>\n","protected":false},"excerpt":{"rendered":"<p>Pocas horas de iniciarse la huelga indefinida que estaba convocada en Alga e Inervol, la empresa ha terminado de abonar la totalidad de la n\u00f3mina de este mes, ha facilitado la documentaci\u00f3n econ\u00f3mico-financiera requerida y se ha comprometido a dar dicha informaci\u00f3n de manera semanal.<\/p>\n","protected":false},"author":1189,"featured_media":35861,"comment_status":"closed","ping_status":"closed","sticky":false,"template":"","format":"standard","meta":{"_monsterinsights_skip_tracking":false,"_monsterinsights_sitenote_active":false,"_monsterinsights_sitenote_note":"","_monsterinsights_sitenote_category":0,"footnotes":"","_links_to":"","_links_to_target":""},"categories":[18,2868,108,3283],"tags":[3033,3178,2996,3064],"class_list":{"0":"post-35862","1":"post","2":"type-post","3":"status-publish","4":"format-standard","5":"has-post-thumbnail","7":"category-es-accion-sindical","8":"category-industria-es","9":"category-es-metal","10":"category-sin-categorizar","11":"tag-accion-sindical-es","12":"tag-destacado-1","13":"tag-industria-es","14":"tag-metal-es"},"_links":{"self":[{"href":"https:\/\/www.lab.eus\/es\/wp-json\/wp\/v2\/posts\/35862","targetHints":{"allow":["GET"]}}],"collection":[{"href":"https:\/\/www.lab.eus\/es\/wp-json\/wp\/v2\/posts"}],"about":[{"href":"https:\/\/www.lab.eus\/es\/wp-json\/wp\/v2\/types\/post"}],"author":[{"embeddable":true,"href":"https:\/\/www.lab.eus\/es\/wp-json\/wp\/v2\/users\/1189"}],"replies":[{"embeddable":true,"href":"https:\/\/www.lab.eus\/es\/wp-json\/wp\/v2\/comments?post=35862"}],"version-history":[{"count":0,"href":"https:\/\/www.lab.eus\/es\/wp-json\/wp\/v2\/posts\/35862\/revisions"}],"wp:featuredmedia":[{"embeddable":true,"href":"https:\/\/www.lab.eus\/es\/wp-json\/wp\/v2\/media\/35861"}],"wp:attachment":[{"href":"https:\/\/www.lab.eus\/es\/wp-json\/wp\/v2\/media?parent=35862"}],"wp:term":[{"taxonomy":"category","embeddable":true,"href":"https:\/\/www.lab.eus\/es\/wp-json\/wp\/v2\/categories?post=35862"},{"taxonomy":"post_tag","embeddable":true,"href":"https:\/\/www.lab.eus\/es\/wp-json\/wp\/v2\/tags?post=35862"}],"curies":[{"name":"wp","href":"https:\/\/api.w.org\/{rel}","templated":true}]}}