{"id":35844,"date":"2021-06-08T09:18:38","date_gmt":"2021-06-08T09:18:38","guid":{"rendered":"https:\/\/www.lab.eus\/?p=35844"},"modified":"2021-06-09T10:05:31","modified_gmt":"2021-06-09T10:05:31","slug":"las-y-los-huelguistas-de-electroaceros-piden-al-gobierno-de-navarra-que-intervenga-para-proteger-el-futuro-de-las-y-los-37-trabajadores","status":"publish","type":"post","link":"https:\/\/www.lab.eus\/es\/las-y-los-huelguistas-de-electroaceros-piden-al-gobierno-de-navarra-que-intervenga-para-proteger-el-futuro-de-las-y-los-37-trabajadores\/","title":{"rendered":"Los huelguistas de Electroaceros piden al Gobierno de Navarra que intervenga para proteger el futuro de los 37 trabajadores"},"content":{"rendered":"\n<p>El Comit\u00e9 de Empresa de Electroaceros, compuesto por dos delegados de LAB y uno de ELA, se ha reunido hoy en Pamplona con el director del Servicio de Trabajo del Gobierno de Navarra para trasladarle la preocupaci\u00f3n de los trabajadores ante los impagos salariales y el oscuro futuro de la empresa y pedirle que intervenga, en la medida de lo posible, para lograr solucionar cuanto antes esta situaci\u00f3n.<\/p>\n\n\n\n<p>El Comit\u00e9 de Empresa, tras una semana de huelga indefinida de casi la totalidad de la plantilla, ha solicitado al Gobierno de Navarra que intervenga en la situaci\u00f3n ya que estima que no se puede permitir que una empresa navarra, que se ha lucrado durante d\u00e9cadas, destruya 37 empleos, y deje en situaci\u00f3n de extrema gravedad a trabajadores que sobrepasan los 50 a\u00f1os.<\/p>\n\n\n\n<p>La empresa Electroaceros es de la conocida familia Astibia, familia que ha sido responsable directa de la nefasta gesti\u00f3n de los \u00faltimos a\u00f1os. Desde el Comit\u00e9 de Empresa una y otra vez se le ha instado a los propietarios a que realizaran un plan de viabilidad que asegurase los puestos de trabajo existentes en la empresa; pero siempre respondieron con ataques a la plantilla que pasaban siempre por empeorar dr\u00e1sticamente las condiciones laborales de los trabajadores. Hasta llegar a la situaci\u00f3n actual con atrasos reiterados de salarios, impago del \u00faltimo mes e incertidumbre ante el oscuro futuro de la empresa.<\/p>\n\n\n\n<p>Mientras tanto, los propietarios han seguido lucr\u00e1ndose, y asegurando sus propiedades, bien con auto alquileres de sus bienes, bien con unos sueldos estratosf\u00e9ricos que pasan de los 80.000 euros anuales, o bien pasando de formar una sociedad cooperativa a sociedad limitada.<\/p>\n\n\n\n<p>Llegados a este punto, el Comit\u00e9 de Empresa ha decidido reunirse con el director del Servicio de Trabajo del Gobierno de Navarra para trasladarle de primera mano su preocupaci\u00f3n por la situaci\u00f3n de la factor\u00eda y pedirle que intervenga, por una parte ante la amenaza de destrucci\u00f3n de 37 puestos de trabajo, y por otra parte porque a muchos de los trabajadores afectados, por la edad que tienen, se les cierra el mercado laboral y se les deja a las puertas de la exclusi\u00f3n social. El Comit\u00e9 ha valorado positivamente la receptividad del director de Trabajo y espera que ese buen talante est\u00e9 acompa\u00f1ado de hechos que protejan a los trabajadores.<\/p>\n\n\n\n<p>Siguiendo con las movilizaciones, los trabajadores de Electroaceros, en huelga indefinida desde el 1 de junio, seguir\u00e1n secund\u00e1ndola y realizar\u00e1n concentraciones los d\u00edas 9, 10 y 11 de junio a las 11:30 en la calle Soto de Ainzoain del pol\u00edgono Agustinos y una caravana de coches el 19 de junio.<\/p>\n","protected":false},"excerpt":{"rendered":"<p>El Comit\u00e9 de Empresa de Electroaceros se ha reunido con el director del Servicio de Trabajo del Gobierno de Navarra para trasladarle la preocupaci\u00f3n de las y los trabajadores ante los impagos salariales y el oscuro futuro de la empresa y pedirle que intervenga.<\/p>\n","protected":false},"author":1189,"featured_media":35841,"comment_status":"closed","ping_status":"closed","sticky":false,"template":"","format":"standard","meta":{"_monsterinsights_skip_tracking":false,"_monsterinsights_sitenote_active":false,"_monsterinsights_sitenote_note":"","_monsterinsights_sitenote_category":0,"footnotes":"","_links_to":"","_links_to_target":""},"categories":[18,2868,108,3283],"tags":[3033,3178,2996,3064],"class_list":{"0":"post-35844","1":"post","2":"type-post","3":"status-publish","4":"format-standard","5":"has-post-thumbnail","7":"category-es-accion-sindical","8":"category-industria-es","9":"category-es-metal","10":"category-sin-categorizar","11":"tag-accion-sindical-es","12":"tag-destacado-1","13":"tag-industria-es","14":"tag-metal-es"},"_links":{"self":[{"href":"https:\/\/www.lab.eus\/es\/wp-json\/wp\/v2\/posts\/35844","targetHints":{"allow":["GET"]}}],"collection":[{"href":"https:\/\/www.lab.eus\/es\/wp-json\/wp\/v2\/posts"}],"about":[{"href":"https:\/\/www.lab.eus\/es\/wp-json\/wp\/v2\/types\/post"}],"author":[{"embeddable":true,"href":"https:\/\/www.lab.eus\/es\/wp-json\/wp\/v2\/users\/1189"}],"replies":[{"embeddable":true,"href":"https:\/\/www.lab.eus\/es\/wp-json\/wp\/v2\/comments?post=35844"}],"version-history":[{"count":0,"href":"https:\/\/www.lab.eus\/es\/wp-json\/wp\/v2\/posts\/35844\/revisions"}],"wp:featuredmedia":[{"embeddable":true,"href":"https:\/\/www.lab.eus\/es\/wp-json\/wp\/v2\/media\/35841"}],"wp:attachment":[{"href":"https:\/\/www.lab.eus\/es\/wp-json\/wp\/v2\/media?parent=35844"}],"wp:term":[{"taxonomy":"category","embeddable":true,"href":"https:\/\/www.lab.eus\/es\/wp-json\/wp\/v2\/categories?post=35844"},{"taxonomy":"post_tag","embeddable":true,"href":"https:\/\/www.lab.eus\/es\/wp-json\/wp\/v2\/tags?post=35844"}],"curies":[{"name":"wp","href":"https:\/\/api.w.org\/{rel}","templated":true}]}}