{"id":35773,"date":"2021-06-03T13:43:58","date_gmt":"2021-06-03T13:43:58","guid":{"rendered":"https:\/\/www.lab.eus\/?p=35773"},"modified":"2021-06-03T13:44:00","modified_gmt":"2021-06-03T13:44:00","slug":"los-sindicatos-hemos-iniciado-una-ronda-de-reuniones-con-los-partidos-politicos-para-explicar-la-grave-situacion-del-sector-publico-de-la-cav-e-interpelar-su-responsabilidad","status":"publish","type":"post","link":"https:\/\/www.lab.eus\/es\/los-sindicatos-hemos-iniciado-una-ronda-de-reuniones-con-los-partidos-politicos-para-explicar-la-grave-situacion-del-sector-publico-de-la-cav-e-interpelar-su-responsabilidad\/","title":{"rendered":"Los sindicatos hemos iniciado una ronda de reuniones con los partidos pol\u00edticos para explicar la grave situaci\u00f3n del sector p\u00fablico de la CAV e interpelar su responsabilidad"},"content":{"rendered":"\n<p>Comunicado de los sindicatos LAB, ELA, CCOO, SATSE, STEILAS y ESK:<\/p>\n\n\n\n<p>A petici\u00f3n de los convocantes de la huelga general del sector p\u00fablico del d\u00eda 22 de abril, hoy, 3 de junio, se han celebrado las primeras reuniones con los grupos pol\u00edticos con representaci\u00f3n en el Parlamento de Gasteiz: EAJ-PNV, EH-Bildu y Elkarrekin-Podemos. Ma\u00f1ana ser\u00e1 el el turno de PSE y PP-Ciudadanos.<\/p>\n\n\n\n<p>Las y los representantes sindicales hemos explicado los motivos que nos han llevado a impulsar la din\u00e1mica de movilizaciones y jornadas de huelga en el sector p\u00fablico de la CAPV, y les hemos trasladado la dram\u00e1tica situaci\u00f3n que vive el sector p\u00fablico de nuestro pa\u00eds: m\u00e1s de 120.000 trabajadoras y trabajadores subcontratadas y una temporalidad del 40 % en el \u00e1mbito privatizado. Todo ello para evidenciar que esta situaci\u00f3n es consecuencia directa de la apuesta decidida y sistem\u00e1tica de nuestras instituciones por la privatizaci\u00f3n del sector p\u00fablico.&nbsp;&nbsp;&nbsp;<\/p>\n\n\n\n<p>Y es que es absolutamente necesario que las instituciones y partidos pol\u00edticos apuesten por reforzar los servicios p\u00fablicos,&nbsp;&nbsp;busquen una soluci\u00f3n, que est\u00e1 en sus manos, y que dicha soluci\u00f3n pase por consolidar los m\u00e1s de 60.000 empleadas y empleados p\u00fablicos que sufren la lacra de la temporalidad, as\u00ed como por realizar una apuesta firme por la creaci\u00f3n de empleo p\u00fablico, y cerrar as\u00ed la puerta a la privatizaci\u00f3n.<\/p>\n\n\n\n<p>Para lograr este objetivo y dentro de la din\u00e1mica de las movilizaciones, los sindicatos ELA, LAB, CCOO, SATSE, STEILAS y ESK\u00a0hemos convocado para este s\u00e1bado, 5 de junio, manifestaciones en\u00a0\u00a0las tres capitales de la CAPV.\u00a0Las manifestaciones tendr\u00e1n lugar a las 11.30 de la ma\u00f1ana; en Gasteiz desde la plaza de la Diputaci\u00f3n; en Donostia desde el Boulevard; en Bilbo desde el Arriaga. Los sindicatos convocantes animamos a todas y todos los trabajadores\/as p\u00fablicos as\u00ed como a la ciudadan\u00eda a participar en la misma; entre todas y todos lograremos el objetivo.<\/p>\n","protected":false},"excerpt":{"rendered":"<p>Hemos convocado para este s\u00e1bado, 5 de junio, manifestaciones en  las tres capitales de la CAPV, a las 11.30.<\/p>\n","protected":false},"author":1189,"featured_media":35768,"comment_status":"closed","ping_status":"closed","sticky":false,"template":"","format":"standard","meta":{"_monsterinsights_skip_tracking":false,"_monsterinsights_sitenote_active":false,"_monsterinsights_sitenote_note":"","_monsterinsights_sitenote_category":0,"footnotes":"","_links_to":"","_links_to_target":""},"categories":[18,3118,6,3283],"tags":[3033,3178,3171],"class_list":{"0":"post-35773","1":"post","2":"type-post","3":"status-publish","4":"format-standard","5":"has-post-thumbnail","7":"category-es-accion-sindical","8":"category-politica-de-empleo","9":"category-es-servicios-publicos","10":"category-sin-categorizar","11":"tag-accion-sindical-es","12":"tag-destacado-1","13":"tag-servicios-publicos-es"},"_links":{"self":[{"href":"https:\/\/www.lab.eus\/es\/wp-json\/wp\/v2\/posts\/35773","targetHints":{"allow":["GET"]}}],"collection":[{"href":"https:\/\/www.lab.eus\/es\/wp-json\/wp\/v2\/posts"}],"about":[{"href":"https:\/\/www.lab.eus\/es\/wp-json\/wp\/v2\/types\/post"}],"author":[{"embeddable":true,"href":"https:\/\/www.lab.eus\/es\/wp-json\/wp\/v2\/users\/1189"}],"replies":[{"embeddable":true,"href":"https:\/\/www.lab.eus\/es\/wp-json\/wp\/v2\/comments?post=35773"}],"version-history":[{"count":0,"href":"https:\/\/www.lab.eus\/es\/wp-json\/wp\/v2\/posts\/35773\/revisions"}],"wp:featuredmedia":[{"embeddable":true,"href":"https:\/\/www.lab.eus\/es\/wp-json\/wp\/v2\/media\/35768"}],"wp:attachment":[{"href":"https:\/\/www.lab.eus\/es\/wp-json\/wp\/v2\/media?parent=35773"}],"wp:term":[{"taxonomy":"category","embeddable":true,"href":"https:\/\/www.lab.eus\/es\/wp-json\/wp\/v2\/categories?post=35773"},{"taxonomy":"post_tag","embeddable":true,"href":"https:\/\/www.lab.eus\/es\/wp-json\/wp\/v2\/tags?post=35773"}],"curies":[{"name":"wp","href":"https:\/\/api.w.org\/{rel}","templated":true}]}}