{"id":35652,"date":"2021-06-02T08:57:16","date_gmt":"2021-06-02T08:57:16","guid":{"rendered":"https:\/\/www.lab.eus\/?p=35652"},"modified":"2021-06-02T08:57:17","modified_gmt":"2021-06-02T08:57:17","slug":"hemos-reiterado-ante-el-palacio-de-justicia-de-gasteiz-que-reivindicar-trabajo-pensiones-y-vida-dignas-no-es-delito","status":"publish","type":"post","link":"https:\/\/www.lab.eus\/es\/hemos-reiterado-ante-el-palacio-de-justicia-de-gasteiz-que-reivindicar-trabajo-pensiones-y-vida-dignas-no-es-delito\/","title":{"rendered":"Hemos reiterado ante el Palacio de Justicia de Gasteiz que reivindicar trabajo, pensiones y vida dignas no es delito"},"content":{"rendered":"\n<p>Durante la huelga del 30 de enero del 2020, fueron muchas las trabajadoras y trabajadores que sufrieron identificaciones, amenazas y agresiones. Algunas han recibido tambi\u00e9n multas, y, concretamente en Gasteiz, hay una acusaci\u00f3n penal de 18 meses de prisi\u00f3n para una persona. Este juicio ha tenido lugar hoy, por lo que los agentes que conformamos la Carta de Derechos Sociales de Euskal Herria nos hemos movilizado para apoyar a la persona encausada y denunciar la criminalizaci\u00f3n de la lucha. <\/p>\n","protected":false},"excerpt":{"rendered":"<p>Los agentes que conformamos la Carta de Derechos Sociales de Euskal Herria nos hemos movilizado para apoyar a las personas encausadas por la Huelga General de 2020.<\/p>\n","protected":false},"author":1189,"featured_media":35655,"comment_status":"closed","ping_status":"closed","sticky":false,"template":"","format":"standard","meta":{"_monsterinsights_skip_tracking":false,"_monsterinsights_sitenote_active":false,"_monsterinsights_sitenote_note":"","_monsterinsights_sitenote_category":0,"footnotes":"","_links_to":"","_links_to_target":""},"categories":[3402,18,2994,3339],"tags":[3033,3182,3178],"class_list":{"0":"post-35652","1":"post","2":"type-post","3":"status-publish","4":"format-standard","5":"has-post-thumbnail","7":"category-accion-politica","8":"category-es-accion-sindical","9":"category-accion-social","10":"category-carta-de-derechos-sociales","11":"tag-accion-sindical-es","12":"tag-accion-social-es","13":"tag-destacado-1"},"_links":{"self":[{"href":"https:\/\/www.lab.eus\/es\/wp-json\/wp\/v2\/posts\/35652","targetHints":{"allow":["GET"]}}],"collection":[{"href":"https:\/\/www.lab.eus\/es\/wp-json\/wp\/v2\/posts"}],"about":[{"href":"https:\/\/www.lab.eus\/es\/wp-json\/wp\/v2\/types\/post"}],"author":[{"embeddable":true,"href":"https:\/\/www.lab.eus\/es\/wp-json\/wp\/v2\/users\/1189"}],"replies":[{"embeddable":true,"href":"https:\/\/www.lab.eus\/es\/wp-json\/wp\/v2\/comments?post=35652"}],"version-history":[{"count":0,"href":"https:\/\/www.lab.eus\/es\/wp-json\/wp\/v2\/posts\/35652\/revisions"}],"wp:featuredmedia":[{"embeddable":true,"href":"https:\/\/www.lab.eus\/es\/wp-json\/wp\/v2\/media\/35655"}],"wp:attachment":[{"href":"https:\/\/www.lab.eus\/es\/wp-json\/wp\/v2\/media?parent=35652"}],"wp:term":[{"taxonomy":"category","embeddable":true,"href":"https:\/\/www.lab.eus\/es\/wp-json\/wp\/v2\/categories?post=35652"},{"taxonomy":"post_tag","embeddable":true,"href":"https:\/\/www.lab.eus\/es\/wp-json\/wp\/v2\/tags?post=35652"}],"curies":[{"name":"wp","href":"https:\/\/api.w.org\/{rel}","templated":true}]}}