{"id":35642,"date":"2021-06-02T10:37:42","date_gmt":"2021-06-02T10:37:42","guid":{"rendered":"https:\/\/www.lab.eus\/?p=35642"},"modified":"2021-06-02T10:37:45","modified_gmt":"2021-06-02T10:37:45","slug":"somos-solidaridad-somos-union-somos-lucha-incansable","status":"publish","type":"post","link":"https:\/\/www.lab.eus\/es\/somos-solidaridad-somos-union-somos-lucha-incansable\/","title":{"rendered":"\u00abSomos solidaridad, somos uni\u00f3n, somos lucha incansable\u00bb"},"content":{"rendered":"\n<p>Agentes sociales, pol\u00edticos y sindicales, LAB entre ellos, hemos organizado paros de cuatro horas y movilizaciones <a href=\"https:\/\/www.lab.eus\/es\/realizaremos-paros-y-movilizaciones-el-2-de-junio-por-el-futuro-de-aiaraldea\/\">bajo el lema \u00abSOS Aiaraldea\u00bb<\/a>. En la manifestaci\u00f3n llevada a cabo en Laudio por la ma\u00f1ana, hemos remarcado que seguiremos luchando con firmeza en defensa del futuro del eskualde.<\/p>\n\n\n\n<div class=\"wp-block-file\"><a href=\"https:\/\/www.lab.eus\/wp-content\/uploads\/2021\/06\/GAZTELERA-EK-2.pdf\">Comunicado conjunto con motivo de la jornada movilizadora de Aiaraldea<\/a><a href=\"https:\/\/www.lab.eus\/wp-content\/uploads\/2021\/06\/GAZTELERA-EK-2.pdf\" class=\"wp-block-file__button\" download>Deskargatu<\/a><\/div>\n\n\n\n<p>La situaci\u00f3n en la que se encuentra Aiaraldea es alarmante, motivada por el cierre de empresas, despidos en muchas otras, precarizaci\u00f3n de las condiciones de trabajo y el nulo compromiso institucional de una apuesta clara y firme por este eskualde. Se est\u00e1 quedando sin futuro.<\/p>\n\n\n\n<p>Se est\u00e1n tejiendo las redes entre distintos agentes sindicales y sociales y con diversos movimientos de Aiaraldea: comit\u00e9s de empresa, mayor\u00eda sindical vasca, j\u00f3venes, movimiento feminista, pensionistas, comercio y hosteler\u00eda, educaci\u00f3n, servicios p\u00fablicos&#8230; Todos ellos hemos marchado juntas y juntos en la jornada movilizadora de hoy. \u00abSomos ejemplo<strong>\u00a0<\/strong>cuando llenamos las calles de pasos y los acompa\u00f1amos con nuestras reivindicaciones, cuando nos organizamos y damos sustento a los y las compa\u00f1eras. Somos solidaridad, somos uni\u00f3n, somos lucha incansable. Somos dignidad\u00bb, hemos se\u00f1alado al t\u00e9rmino de la manifestaci\u00f3n realizada en Laudio.\u00a0<\/p>\n\n\n\n<figure class=\"wp-block-gallery columns-3 is-cropped wp-block-gallery-1 is-layout-flex wp-block-gallery-is-layout-flex\"><ul class=\"blocks-gallery-grid\"><li class=\"blocks-gallery-item\"><figure><img loading=\"lazy\" decoding=\"async\" width=\"1024\" height=\"768\" src=\"https:\/\/www.lab.eus\/wp-content\/uploads\/2021\/06\/Aiaraldea3-1024x768.jpeg\" alt=\"\" data-id=\"35663\" data-link=\"https:\/\/www.lab.eus\/?attachment_id=35663\" class=\"wp-image-35663\" srcset=\"https:\/\/www.lab.eus\/wp-content\/uploads\/2021\/06\/Aiaraldea3-1024x768.jpeg 1024w, https:\/\/www.lab.eus\/wp-content\/uploads\/2021\/06\/Aiaraldea3-300x225.jpeg 300w, https:\/\/www.lab.eus\/wp-content\/uploads\/2021\/06\/Aiaraldea3-768x576.jpeg 768w, https:\/\/www.lab.eus\/wp-content\/uploads\/2021\/06\/Aiaraldea3-1536x1152.jpeg 1536w, https:\/\/www.lab.eus\/wp-content\/uploads\/2021\/06\/Aiaraldea3-150x113.jpeg 150w, https:\/\/www.lab.eus\/wp-content\/uploads\/2021\/06\/Aiaraldea3-696x522.jpeg 696w, https:\/\/www.lab.eus\/wp-content\/uploads\/2021\/06\/Aiaraldea3-1068x801.jpeg 1068w, https:\/\/www.lab.eus\/wp-content\/uploads\/2021\/06\/Aiaraldea3-560x420.jpeg 560w, https:\/\/www.lab.eus\/wp-content\/uploads\/2021\/06\/Aiaraldea3-80x60.jpeg 80w, https:\/\/www.lab.eus\/wp-content\/uploads\/2021\/06\/Aiaraldea3-265x198.jpeg 265w, https:\/\/www.lab.eus\/wp-content\/uploads\/2021\/06\/Aiaraldea3.jpeg 1600w\" sizes=\"auto, (max-width: 1024px) 100vw, 1024px\" \/><\/figure><\/li><li class=\"blocks-gallery-item\"><figure><img loading=\"lazy\" decoding=\"async\" width=\"1024\" height=\"576\" src=\"https:\/\/www.lab.eus\/wp-content\/uploads\/2021\/06\/Aiaraldea4-1024x576.jpeg\" alt=\"\" data-id=\"35665\" data-link=\"https:\/\/www.lab.eus\/?attachment_id=35665\" class=\"wp-image-35665\" srcset=\"https:\/\/www.lab.eus\/wp-content\/uploads\/2021\/06\/Aiaraldea4-1024x576.jpeg 1024w, https:\/\/www.lab.eus\/wp-content\/uploads\/2021\/06\/Aiaraldea4-300x169.jpeg 300w, https:\/\/www.lab.eus\/wp-content\/uploads\/2021\/06\/Aiaraldea4-768x432.jpeg 768w, https:\/\/www.lab.eus\/wp-content\/uploads\/2021\/06\/Aiaraldea4-1536x864.jpeg 1536w, https:\/\/www.lab.eus\/wp-content\/uploads\/2021\/06\/Aiaraldea4-150x84.jpeg 150w, https:\/\/www.lab.eus\/wp-content\/uploads\/2021\/06\/Aiaraldea4-696x391.jpeg 696w, https:\/\/www.lab.eus\/wp-content\/uploads\/2021\/06\/Aiaraldea4-1068x600.jpeg 1068w, https:\/\/www.lab.eus\/wp-content\/uploads\/2021\/06\/Aiaraldea4-747x420.jpeg 747w, https:\/\/www.lab.eus\/wp-content\/uploads\/2021\/06\/Aiaraldea4.jpeg 1599w\" sizes=\"auto, (max-width: 1024px) 100vw, 1024px\" \/><\/figure><\/li><li class=\"blocks-gallery-item\"><figure><img loading=\"lazy\" decoding=\"async\" width=\"1024\" height=\"768\" src=\"https:\/\/www.lab.eus\/wp-content\/uploads\/2021\/06\/Aiaraldea5-1024x768.jpeg\" alt=\"\" data-id=\"35667\" data-link=\"https:\/\/www.lab.eus\/?attachment_id=35667\" class=\"wp-image-35667\" srcset=\"https:\/\/www.lab.eus\/wp-content\/uploads\/2021\/06\/Aiaraldea5-1024x768.jpeg 1024w, https:\/\/www.lab.eus\/wp-content\/uploads\/2021\/06\/Aiaraldea5-300x225.jpeg 300w, https:\/\/www.lab.eus\/wp-content\/uploads\/2021\/06\/Aiaraldea5-768x576.jpeg 768w, https:\/\/www.lab.eus\/wp-content\/uploads\/2021\/06\/Aiaraldea5-1536x1152.jpeg 1536w, https:\/\/www.lab.eus\/wp-content\/uploads\/2021\/06\/Aiaraldea5-150x113.jpeg 150w, https:\/\/www.lab.eus\/wp-content\/uploads\/2021\/06\/Aiaraldea5-696x522.jpeg 696w, https:\/\/www.lab.eus\/wp-content\/uploads\/2021\/06\/Aiaraldea5-1068x801.jpeg 1068w, https:\/\/www.lab.eus\/wp-content\/uploads\/2021\/06\/Aiaraldea5-1920x1440.jpeg 1920w, https:\/\/www.lab.eus\/wp-content\/uploads\/2021\/06\/Aiaraldea5-560x420.jpeg 560w, https:\/\/www.lab.eus\/wp-content\/uploads\/2021\/06\/Aiaraldea5-80x60.jpeg 80w, https:\/\/www.lab.eus\/wp-content\/uploads\/2021\/06\/Aiaraldea5-265x198.jpeg 265w, https:\/\/www.lab.eus\/wp-content\/uploads\/2021\/06\/Aiaraldea5.jpeg 2000w\" sizes=\"auto, (max-width: 1024px) 100vw, 1024px\" \/><\/figure><\/li><li class=\"blocks-gallery-item\"><figure><img loading=\"lazy\" decoding=\"async\" width=\"1024\" height=\"768\" src=\"https:\/\/www.lab.eus\/wp-content\/uploads\/2021\/06\/Aiaraldea6-1024x768.jpeg\" alt=\"\" data-id=\"35669\" data-link=\"https:\/\/www.lab.eus\/?attachment_id=35669\" class=\"wp-image-35669\" srcset=\"https:\/\/www.lab.eus\/wp-content\/uploads\/2021\/06\/Aiaraldea6-1024x768.jpeg 1024w, https:\/\/www.lab.eus\/wp-content\/uploads\/2021\/06\/Aiaraldea6-300x225.jpeg 300w, https:\/\/www.lab.eus\/wp-content\/uploads\/2021\/06\/Aiaraldea6-768x576.jpeg 768w, https:\/\/www.lab.eus\/wp-content\/uploads\/2021\/06\/Aiaraldea6-150x113.jpeg 150w, https:\/\/www.lab.eus\/wp-content\/uploads\/2021\/06\/Aiaraldea6-696x522.jpeg 696w, https:\/\/www.lab.eus\/wp-content\/uploads\/2021\/06\/Aiaraldea6-1068x801.jpeg 1068w, https:\/\/www.lab.eus\/wp-content\/uploads\/2021\/06\/Aiaraldea6-560x420.jpeg 560w, https:\/\/www.lab.eus\/wp-content\/uploads\/2021\/06\/Aiaraldea6-80x60.jpeg 80w, https:\/\/www.lab.eus\/wp-content\/uploads\/2021\/06\/Aiaraldea6-265x198.jpeg 265w, https:\/\/www.lab.eus\/wp-content\/uploads\/2021\/06\/Aiaraldea6.jpeg 1280w\" sizes=\"auto, (max-width: 1024px) 100vw, 1024px\" \/><\/figure><\/li><li class=\"blocks-gallery-item\"><figure><img loading=\"lazy\" decoding=\"async\" width=\"1024\" height=\"768\" src=\"https:\/\/www.lab.eus\/wp-content\/uploads\/2021\/06\/Aiaraldea2-1024x768.jpeg\" alt=\"\" data-id=\"35673\" data-full-url=\"https:\/\/www.lab.eus\/wp-content\/uploads\/2021\/06\/Aiaraldea2.jpeg\" data-link=\"https:\/\/www.lab.eus\/?attachment_id=35673\" class=\"wp-image-35673\" srcset=\"https:\/\/www.lab.eus\/wp-content\/uploads\/2021\/06\/Aiaraldea2-1024x768.jpeg 1024w, https:\/\/www.lab.eus\/wp-content\/uploads\/2021\/06\/Aiaraldea2-300x225.jpeg 300w, https:\/\/www.lab.eus\/wp-content\/uploads\/2021\/06\/Aiaraldea2-768x576.jpeg 768w, https:\/\/www.lab.eus\/wp-content\/uploads\/2021\/06\/Aiaraldea2-1536x1152.jpeg 1536w, https:\/\/www.lab.eus\/wp-content\/uploads\/2021\/06\/Aiaraldea2-150x113.jpeg 150w, https:\/\/www.lab.eus\/wp-content\/uploads\/2021\/06\/Aiaraldea2-696x522.jpeg 696w, https:\/\/www.lab.eus\/wp-content\/uploads\/2021\/06\/Aiaraldea2-1068x801.jpeg 1068w, https:\/\/www.lab.eus\/wp-content\/uploads\/2021\/06\/Aiaraldea2-560x420.jpeg 560w, https:\/\/www.lab.eus\/wp-content\/uploads\/2021\/06\/Aiaraldea2-80x60.jpeg 80w, https:\/\/www.lab.eus\/wp-content\/uploads\/2021\/06\/Aiaraldea2-265x198.jpeg 265w, https:\/\/www.lab.eus\/wp-content\/uploads\/2021\/06\/Aiaraldea2.jpeg 1600w\" sizes=\"auto, (max-width: 1024px) 100vw, 1024px\" \/><\/figure><\/li><\/ul><\/figure>\n","protected":false},"excerpt":{"rendered":"<p>Agentes sociales, pol\u00edticos y sindicales, LAB entre ellos, hemos organizado paros de cuatro horas y movilizaciones bajo el lema \u00abSOS Aiaraldea\u00bb. En la manifestaci\u00f3n llevada a cabo en Laudio, hemos remarcado que seguiremos luchando con firmeza en defensa del futuro del eskualde.<\/p>\n","protected":false},"author":1189,"featured_media":35662,"comment_status":"closed","ping_status":"closed","sticky":false,"template":"","format":"standard","meta":{"_monsterinsights_skip_tracking":false,"_monsterinsights_sitenote_active":false,"_monsterinsights_sitenote_note":"","_monsterinsights_sitenote_category":0,"footnotes":"","_links_to":"","_links_to_target":""},"categories":[18,2994,2868,3283],"tags":[3033,3182,3178,2996],"class_list":{"0":"post-35642","1":"post","2":"type-post","3":"status-publish","4":"format-standard","5":"has-post-thumbnail","7":"category-es-accion-sindical","8":"category-accion-social","9":"category-industria-es","10":"category-sin-categorizar","11":"tag-accion-sindical-es","12":"tag-accion-social-es","13":"tag-destacado-1","14":"tag-industria-es"},"_links":{"self":[{"href":"https:\/\/www.lab.eus\/es\/wp-json\/wp\/v2\/posts\/35642","targetHints":{"allow":["GET"]}}],"collection":[{"href":"https:\/\/www.lab.eus\/es\/wp-json\/wp\/v2\/posts"}],"about":[{"href":"https:\/\/www.lab.eus\/es\/wp-json\/wp\/v2\/types\/post"}],"author":[{"embeddable":true,"href":"https:\/\/www.lab.eus\/es\/wp-json\/wp\/v2\/users\/1189"}],"replies":[{"embeddable":true,"href":"https:\/\/www.lab.eus\/es\/wp-json\/wp\/v2\/comments?post=35642"}],"version-history":[{"count":0,"href":"https:\/\/www.lab.eus\/es\/wp-json\/wp\/v2\/posts\/35642\/revisions"}],"wp:featuredmedia":[{"embeddable":true,"href":"https:\/\/www.lab.eus\/es\/wp-json\/wp\/v2\/media\/35662"}],"wp:attachment":[{"href":"https:\/\/www.lab.eus\/es\/wp-json\/wp\/v2\/media?parent=35642"}],"wp:term":[{"taxonomy":"category","embeddable":true,"href":"https:\/\/www.lab.eus\/es\/wp-json\/wp\/v2\/categories?post=35642"},{"taxonomy":"post_tag","embeddable":true,"href":"https:\/\/www.lab.eus\/es\/wp-json\/wp\/v2\/tags?post=35642"}],"curies":[{"name":"wp","href":"https:\/\/api.w.org\/{rel}","templated":true}]}}