{"id":35622,"date":"2021-06-01T15:31:10","date_gmt":"2021-06-01T15:31:10","guid":{"rendered":"https:\/\/www.lab.eus\/?p=35622"},"modified":"2021-06-01T15:31:11","modified_gmt":"2021-06-01T15:31:11","slug":"la-plantilla-de-electroaceros-casi-al-completo-comienza-una-huelga-indefinida-en-favor-de-una-solucion-digna","status":"publish","type":"post","link":"https:\/\/www.lab.eus\/es\/la-plantilla-de-electroaceros-casi-al-completo-comienza-una-huelga-indefinida-en-favor-de-una-solucion-digna\/","title":{"rendered":"La plantilla de Electroaceros casi al completo comienza una huelga indefinida en favor de una soluci\u00f3n digna"},"content":{"rendered":"\n<p>Casi la totalidad de los trabajadores de la empresa Electroaceros, de Pamplona, se ha sumado hoy a la convocatoria de huelga indefinida realizada por los sindicatos LAB y ELA para denunciar la situaci\u00f3n que est\u00e1n viviendo los trabajadores y para exigir a la gerencia de la empresa una soluci\u00f3n digna, ya que todo parece indicar que los due\u00f1os quieren cerrarla definitivamente. Los trabajadores se han concentrado hoy a las 13:00 frente a la empresa, y as\u00ed lo har\u00e1n los pr\u00f3ximos d\u00edas tambi\u00e9n.<\/p>\n\n\n\n<p>Electroaceros es una empresa que tiene una plantilla de 37 trabajadores, la mayor\u00eda de ellos pasa de lo 50 a\u00f1os, y llevan toda una vida trabajando para esta empresa. Durante largos a\u00f1os, si esta empresa ha seguido adelante ha sido en gran parte por el esfuerzo y dedicaci\u00f3n de cada uno de ellos.<\/p>\n\n\n\n<p>La empresa est\u00e1 gestionada por una familia muy conocida de Pamplona, la familia Astibia; han pasado por ella diferentes generaciones de la misma. Si bien es cierto que ha habido altibajos en la gesti\u00f3n, tanto desde el sindicato LAB (2 delegados) como desde ELA (1), como representantes de los trabajadores queremos denunciar la nefasta gesti\u00f3n que se ha estado dando sobre todo en los \u00faltimos a\u00f1os.<\/p>\n\n\n\n<p>Mientras la representaci\u00f3n sindical de la empresa ha estado estos \u00faltimos a\u00f1os solicitando una y otra vez juntarnos para hablar sobre el futuro de la planta y de los trabajadores, los gestores la estaban dejando morir. Y mientras trasmit\u00edan p\u00e9rdidas a la plantilla, les intentaban aplicar un ERTE econ\u00f3mico -que se ech\u00f3 para atr\u00e1s en el periodo de consultas- y una modificaci\u00f3n sustancial para bajar los salarios de un modo abismal -que con la unidad y lucha de la plantilla no se produjo-, el socio colocado por la familia para estar presente y dirigiendo la f\u00e1brica en ese mismo momento estaba cobrando m\u00e1s de 80.000 euros anuales; y si por si eso fuera poco, la familia Astibia se estaba auto alquilando una nave de su propiedad por m\u00e1s de 75.000 euros anuales.<\/p>\n\n\n\n<p>En esta tesitura y viendo que llevan retrasados los pagos de 5 n\u00f3minas y el impago de una de ellas, la plantilla ha decidido emprender una huelga indefinida para exigir una soluci\u00f3n digna a la situaci\u00f3n que padecen.<\/p>\n","protected":false},"excerpt":{"rendered":"<p>Las y los trabajadores se han concentrado para denunciar la situaci\u00f3n que est\u00e1n viviendo y para exigir a la gerencia de la empresa una soluci\u00f3n digna, ya que todo parece indicar que los due\u00f1os quieren cerrarla definitivamente. <\/p>\n","protected":false},"author":1189,"featured_media":35620,"comment_status":"closed","ping_status":"closed","sticky":false,"template":"","format":"standard","meta":{"_monsterinsights_skip_tracking":false,"_monsterinsights_sitenote_active":false,"_monsterinsights_sitenote_note":"","_monsterinsights_sitenote_category":0,"footnotes":"","_links_to":"","_links_to_target":""},"categories":[18,2868,108],"tags":[3178,2996],"class_list":{"0":"post-35622","1":"post","2":"type-post","3":"status-publish","4":"format-standard","5":"has-post-thumbnail","7":"category-es-accion-sindical","8":"category-industria-es","9":"category-es-metal","10":"tag-destacado-1","11":"tag-industria-es"},"_links":{"self":[{"href":"https:\/\/www.lab.eus\/es\/wp-json\/wp\/v2\/posts\/35622","targetHints":{"allow":["GET"]}}],"collection":[{"href":"https:\/\/www.lab.eus\/es\/wp-json\/wp\/v2\/posts"}],"about":[{"href":"https:\/\/www.lab.eus\/es\/wp-json\/wp\/v2\/types\/post"}],"author":[{"embeddable":true,"href":"https:\/\/www.lab.eus\/es\/wp-json\/wp\/v2\/users\/1189"}],"replies":[{"embeddable":true,"href":"https:\/\/www.lab.eus\/es\/wp-json\/wp\/v2\/comments?post=35622"}],"version-history":[{"count":0,"href":"https:\/\/www.lab.eus\/es\/wp-json\/wp\/v2\/posts\/35622\/revisions"}],"wp:featuredmedia":[{"embeddable":true,"href":"https:\/\/www.lab.eus\/es\/wp-json\/wp\/v2\/media\/35620"}],"wp:attachment":[{"href":"https:\/\/www.lab.eus\/es\/wp-json\/wp\/v2\/media?parent=35622"}],"wp:term":[{"taxonomy":"category","embeddable":true,"href":"https:\/\/www.lab.eus\/es\/wp-json\/wp\/v2\/categories?post=35622"},{"taxonomy":"post_tag","embeddable":true,"href":"https:\/\/www.lab.eus\/es\/wp-json\/wp\/v2\/tags?post=35622"}],"curies":[{"name":"wp","href":"https:\/\/api.w.org\/{rel}","templated":true}]}}