{"id":35612,"date":"2021-06-01T15:08:34","date_gmt":"2021-06-01T15:08:34","guid":{"rendered":"https:\/\/www.lab.eus\/?p=35612"},"modified":"2021-06-01T15:12:27","modified_gmt":"2021-06-01T15:12:27","slug":"imputan-a-otras-cuatro-personas-en-el-caso-de-las-opes-fraudulentas-de-osakidetza-a-raiz-del-impulso-de-lab","status":"publish","type":"post","link":"https:\/\/www.lab.eus\/es\/imputan-a-otras-cuatro-personas-en-el-caso-de-las-opes-fraudulentas-de-osakidetza-a-raiz-del-impulso-de-lab\/","title":{"rendered":"Imputan a otras cuatro personas en el caso de las OPEs fraudulentas de Osakidetza, a ra\u00edz de nuestro impulso"},"content":{"rendered":"\n<p>La magistrada del juzgado de instrucci\u00f3n N\u00famero 2 de Gasteiz ha comunicado a este sindicato que admite a tr\u00e1mite numerosas diligencias solicitadas por LAB hace unas semanas.<\/p>\n\n\n\n<p>LAB considera una buena noticia la decisi\u00f3n de la magistrada y se mantiene a la espera de futuras decisiones a\u00fan pendientes a la vez que contin\u00faa trabajando para concretar todas las responsabilidades en las filtraciones de ex\u00e1menes de la OPE 2016-17.<\/p>\n\n\n\n<p>Ya son 11 los y las imputadas por las filtraciones en la OPE de facultativos especialistas de Osakidetza, todas esas imputaciones se han logrado por la acci\u00f3n de LAB en el ejercicio de la acusaci\u00f3n popular. A la vez, se concretan los d\u00edas para las declaraciones.<\/p>\n\n\n\n<p>Las nuevas incorporaciones a la lista de personas investigadas son las siguientes y prestar\u00e1n declaraci\u00f3n el d\u00eda 8 de julio de 2021:<\/p>\n\n\n\n<p>&#8211; I\u00f1igo Echevarr\u00eda Foronda \u2013 Jefe de servicio de traumatolog\u00eda de Alto Deba.<\/p>\n\n\n\n<p>&#8211; Alfredo Mart\u00ednez Fl\u00f3rez \u2013 Realizador del primer examen de Cirug\u00eda Pl\u00e1stica y Reparadora.<\/p>\n\n\n\n<p>&#8211; Andr\u00e9s Betr\u00e1n &#8211; segundo realizador del primer examen de Cirug\u00eda Pl\u00e1stica y Reparadora.<\/p>\n\n\n\n<p>&#8211; Thais Salas \u2013 Opositora X de la categor\u00eda de Cirug\u00eda Pl\u00e1stica y Reparadora.<\/p>\n\n\n\n<p>(Ese mismo d\u00eda se tomar\u00e1 declaraci\u00f3n en calidad de investigado tambi\u00e9n a Javier Mel\u00e9ndez, vocal 6o del tribunal calificador de cirug\u00eda pl\u00e1stica. Esta imputaci\u00f3n la solicit\u00f3 LAB hace unos meses).<\/p>\n\n\n\n<p>Tambi\u00e9n se ha admitido la toma de declaraci\u00f3n como testigos de las siguientes personas, solicitada por el sindicato LAB para quienes se ha fijado el d\u00eda 6 de julio de 2021:<\/p>\n\n\n\n<p>&#8211; 2 Miembros del Sindicato M\u00e9dico presentes en las negociaciones del acuerdo de la OPE 2016-17.<\/p>\n\n\n\n<p>&#8211; Jos\u00e9 Mar\u00eda Armentia exdirector de RRHH de Osakidetza. Art\u00edfice del Acuerdo para la OPE 2016-17 que un mes m\u00e1s tarde fue cesado.<\/p>\n\n\n\n<p>&#8211; Fulgencio Aledo, responsable del IVAP que recibi\u00f3 un correo electr\u00f3nico desde una cuenta de Hotmail solicitando la renuncia a continuar con el proceso selectivo de la \u201cOpositora X\u201d. Hay que subrayar que esta \u201cOpositora X\u201d cuya declaraci\u00f3n en calidad de investigada tambi\u00e9n solicitamos, obtuvo 72 puntos sobre 100 en el examen te\u00f3rico, es decir, la nota m\u00e1s alta. La siguiente opositora obtuvo 58, y este examen s\u00f3lo lo aprobaron 6 de 20 opositoras.<\/p>\n\n\n\n<p>&#8211; Una Opositora que aprob\u00f3 la oposici\u00f3n de Cirug\u00eda Pl\u00e1stica, Est\u00e9tica y Reparadora. &#8211; Un miembro de tribunal calificador de cirug\u00eda cardiovascular.<\/p>\n\n\n\n<p>La magistrada ha admitido la solicitud de los siguientes oficios:<\/p>\n\n\n\n<p>-Solicitar a Osakidetza las actas de Pediatr\u00eda Hospitalaria.<\/p>\n\n\n\n<p>-Solicitar informaci\u00f3n acerca de la apertura de expediente disciplinario abierto al jefe de servicio de Pediatr\u00eda de la OSI Araba y en caso de existir, sea remitido al juzgado.<\/p>\n\n\n\n<p>Asimismo, el d\u00eda 8 de junio prestar\u00e1 declaraci\u00f3n en calidad de testigo Jos\u00e9 Mu\u00f1iz Fern\u00e1ndez, profesor de la universidad de Oviedo encargado de realizar el estudio psicom\u00e9trico encargado por la consejer\u00eda a ra\u00edz de que el caso saltase a la opini\u00f3n p\u00fablica.<\/p>\n\n\n\n<p>La magistrada ha decidido dejar a\u00fan sin respuesta la petici\u00f3n de citar en calidad de investigados e investigadas a los miembros de la direcci\u00f3n de Osakidetza que el sindicato LAB ha identificado dentro del n\u00facleo operativo que con sus decisiones se encargaba de generar las condiciones \u00f3ptimas para que las filtraciones se diesen y en caso de la existencia de denuncias, silenciarlas y ocultarlas para que quedasen impunes. Para la acusaci\u00f3n popular ejercida por LAB, las actuaciones de este n\u00facleo operativo formado por Jon Darp\u00f3n, Mar\u00eda Jes\u00fas M\u00fagica, Juan Carlos Soto, Andoni Arcelay, Xabier Balerdi y Miriam Aparicio se encuadrar\u00edan dentro de los delitos de asociaci\u00f3n il\u00edcita, revelaci\u00f3n de secretos y fraude en la contrataci\u00f3n.<\/p>\n\n\n\n<p>LAB es el motor de esta investigaci\u00f3n, pr\u00e1cticamente la totalidad de diligencias aceptadas hasta este momento han sido promovidas por ese sindicato. Esto no es sino una prueba m\u00e1s de que este sindicato no s\u00f3lo est\u00e1 trabajando por democratizar Osakidetza y sus procesos de acceso al empleo p\u00fablico, sino que adem\u00e1s este trabajo est\u00e1 siendo fruct\u00edfero y efectivo a pesar de la m\u00e1s que sospechosa falta de colaboraci\u00f3n de Osakidetza.<\/p>\n","protected":false},"excerpt":{"rendered":"<p>La magistrada del juzgado de instrucci\u00f3n N\u00famero 2 de Gasteiz ha comunicado a este sindicato que admite a tr\u00e1mite numerosas diligencias solicitadas por LAB hace unas semanas.<\/p>\n","protected":false},"author":1189,"featured_media":34594,"comment_status":"closed","ping_status":"closed","sticky":false,"template":"","format":"standard","meta":{"_monsterinsights_skip_tracking":false,"_monsterinsights_sitenote_active":false,"_monsterinsights_sitenote_note":"","_monsterinsights_sitenote_category":0,"footnotes":"","_links_to":"","_links_to_target":""},"categories":[18,3097,3126,6],"tags":[3178,3195,3100,3171],"class_list":{"0":"post-35612","1":"post","2":"type-post","3":"status-publish","4":"format-standard","5":"has-post-thumbnail","7":"category-es-accion-sindical","8":"category-sanidad","9":"category-sanidad-es","10":"category-es-servicios-publicos","11":"tag-destacado-1","12":"tag-osakidetza-es","13":"tag-sanidad-es","14":"tag-servicios-publicos-es"},"_links":{"self":[{"href":"https:\/\/www.lab.eus\/es\/wp-json\/wp\/v2\/posts\/35612","targetHints":{"allow":["GET"]}}],"collection":[{"href":"https:\/\/www.lab.eus\/es\/wp-json\/wp\/v2\/posts"}],"about":[{"href":"https:\/\/www.lab.eus\/es\/wp-json\/wp\/v2\/types\/post"}],"author":[{"embeddable":true,"href":"https:\/\/www.lab.eus\/es\/wp-json\/wp\/v2\/users\/1189"}],"replies":[{"embeddable":true,"href":"https:\/\/www.lab.eus\/es\/wp-json\/wp\/v2\/comments?post=35612"}],"version-history":[{"count":0,"href":"https:\/\/www.lab.eus\/es\/wp-json\/wp\/v2\/posts\/35612\/revisions"}],"wp:featuredmedia":[{"embeddable":true,"href":"https:\/\/www.lab.eus\/es\/wp-json\/wp\/v2\/media\/34594"}],"wp:attachment":[{"href":"https:\/\/www.lab.eus\/es\/wp-json\/wp\/v2\/media?parent=35612"}],"wp:term":[{"taxonomy":"category","embeddable":true,"href":"https:\/\/www.lab.eus\/es\/wp-json\/wp\/v2\/categories?post=35612"},{"taxonomy":"post_tag","embeddable":true,"href":"https:\/\/www.lab.eus\/es\/wp-json\/wp\/v2\/tags?post=35612"}],"curies":[{"name":"wp","href":"https:\/\/api.w.org\/{rel}","templated":true}]}}