{"id":35398,"date":"2021-05-27T14:43:57","date_gmt":"2021-05-27T14:43:57","guid":{"rendered":"https:\/\/www.lab.eus\/?p=35398"},"modified":"2021-05-27T14:43:58","modified_gmt":"2021-05-27T14:43:58","slug":"no-podemos-permitirnos-perder-un-solo-empleo","status":"publish","type":"post","link":"https:\/\/www.lab.eus\/es\/no-podemos-permitirnos-perder-un-solo-empleo\/","title":{"rendered":"No podemos permitirnos perder un solo empleo"},"content":{"rendered":"\n<p>A pesar de que se nos ha preguntado acerca de Corrugados Azpeitia, desde LAB apenas nos hemos manifestado al respecto. Lo cierto es que se nos hace complicado valorar algo que no conocemos. Ahora que tanto patronales como representantes institucionales nos repiten lo importante que es fomentar la participaci\u00f3n, en la pr\u00e1ctica las palabras se las lleva el viento. Ni quienes trabajaron en Corrugados Azpeitia cuando se cerr\u00f3, ni los sindicatos hemos tenido ning\u00fan tipo de informaci\u00f3n sobre ese supuesto proyecto de reapertura. Vuelven a hablar sobre la vida trabajadores y trabajadores, pero sin contar con ellos y ellas. Por eso, exigimos transparencia: que se dejen de disputas partidistas y pongan encima de la mesa el proyecto que supuestamente se ha presentado. Hasta que lo veamos, nos mantendremos incr\u00e9dulas.<\/p>\n\n\n\n<p>La consecuencias de la falta de pol\u00edtica industrial son grav\u00edsimas, pero si no cambia el rumbo de las pol\u00edticas lo que vendr\u00e1 ser\u00e1 aun peor. Llevamos a\u00f1os en los que la industria pierde peso paulatinamente. Por ejemplo, en la industria manufacturera se ha cerrado el 20% de los establecimientos en los \u00faltimos 12 a\u00f1os. Proyectos nacidos con dinero p\u00fablico est\u00e1n quedando en manos de fondos de inversi\u00f3n extranjeros y el intento de atraer inversiones ha provocado sonoros fracasos, como el \u00faltimo caso a manos de Iberdrola. En propaganda s\u00ed, ah\u00ed s\u00ed que el esfuerzo es encomiable, practican la publicidad 4.0., pero en cuanto a estrategia industrial nada de nada.<\/p>\n\n\n\n<p>En lugar de hacer frente a la grave situaci\u00f3n, priman los intereses partidistas sobre la pol\u00edtica industrial. O\u00edmos con asombro y verg\u00fcenza ajena a Arantxa Tapia, defendiendo el empleo de un proyecto que no sabemos si existe.<\/p>\n\n\n\n<p>No olvidemos que hace 8 a\u00f1os s\u00ed exist\u00eda un proyecto, con empleos dignos en Azpeitia, que fue cerrado de manera injustificada. \u00bfQu\u00e9 hizo el Gobierno Vasco ante los despidos? La \u00fanica queja que manifest\u00f3 fue porque no le hab\u00edan comunicado previamente el cierre. En el proceso de cierre dio la espalda a los y las trabajadoras.&nbsp;&nbsp;<\/p>\n\n\n\n<p>8 a\u00f1os m\u00e1s tarde, la reforma laboral es utilizada para abaratar salarios y despedir para ganar m\u00e1s. La reforma laboral es una m\u00e1quina de destruir tejido industrial. Los ejemplos son m\u00faltiples:\u00a0\u00a0Tubacex, Aernnova, ITP-Aero, Alestis&#8230;\u00a0\u00a0\u00bfDonde queda la defensa del empleo y la industria en esos casos? Parece ser que al contrario: a varias de esas empresas se las quiere premiar por destruir empleo en el reparto de los fondos Europeos. \u00bfEsos empleos no valen nada?<\/p>\n","protected":false},"excerpt":{"rendered":"<p> Ni quienes trabajaron en Corrugados Azpeitia cuando se cerr\u00f3, ni los sindicatos hemos tenido ning\u00fan tipo de informaci\u00f3n sobre ese supuesto proyecto de reapertura.<\/p>\n","protected":false},"author":1189,"featured_media":35396,"comment_status":"closed","ping_status":"closed","sticky":false,"template":"","format":"standard","meta":{"_monsterinsights_skip_tracking":false,"_monsterinsights_sitenote_active":false,"_monsterinsights_sitenote_note":"","_monsterinsights_sitenote_category":0,"footnotes":"","_links_to":"","_links_to_target":""},"categories":[18,2868,108,3283],"tags":[3033,3178,2996,3064],"class_list":{"0":"post-35398","1":"post","2":"type-post","3":"status-publish","4":"format-standard","5":"has-post-thumbnail","7":"category-es-accion-sindical","8":"category-industria-es","9":"category-es-metal","10":"category-sin-categorizar","11":"tag-accion-sindical-es","12":"tag-destacado-1","13":"tag-industria-es","14":"tag-metal-es"},"_links":{"self":[{"href":"https:\/\/www.lab.eus\/es\/wp-json\/wp\/v2\/posts\/35398","targetHints":{"allow":["GET"]}}],"collection":[{"href":"https:\/\/www.lab.eus\/es\/wp-json\/wp\/v2\/posts"}],"about":[{"href":"https:\/\/www.lab.eus\/es\/wp-json\/wp\/v2\/types\/post"}],"author":[{"embeddable":true,"href":"https:\/\/www.lab.eus\/es\/wp-json\/wp\/v2\/users\/1189"}],"replies":[{"embeddable":true,"href":"https:\/\/www.lab.eus\/es\/wp-json\/wp\/v2\/comments?post=35398"}],"version-history":[{"count":0,"href":"https:\/\/www.lab.eus\/es\/wp-json\/wp\/v2\/posts\/35398\/revisions"}],"wp:featuredmedia":[{"embeddable":true,"href":"https:\/\/www.lab.eus\/es\/wp-json\/wp\/v2\/media\/35396"}],"wp:attachment":[{"href":"https:\/\/www.lab.eus\/es\/wp-json\/wp\/v2\/media?parent=35398"}],"wp:term":[{"taxonomy":"category","embeddable":true,"href":"https:\/\/www.lab.eus\/es\/wp-json\/wp\/v2\/categories?post=35398"},{"taxonomy":"post_tag","embeddable":true,"href":"https:\/\/www.lab.eus\/es\/wp-json\/wp\/v2\/tags?post=35398"}],"curies":[{"name":"wp","href":"https:\/\/api.w.org\/{rel}","templated":true}]}}