{"id":35387,"date":"2021-05-27T16:12:02","date_gmt":"2021-05-27T16:12:02","guid":{"rendered":"https:\/\/www.lab.eus\/?p=35387"},"modified":"2021-05-27T16:12:05","modified_gmt":"2021-05-27T16:12:05","slug":"nos-hemos-movilizado-por-el-convenio-de-diversidad-funcional-de-bizkaia","status":"publish","type":"post","link":"https:\/\/www.lab.eus\/es\/nos-hemos-movilizado-por-el-convenio-de-diversidad-funcional-de-bizkaia\/","title":{"rendered":"Nos hemos movilizado por el convenio de diversidad funcional de Bizkaia"},"content":{"rendered":"\n<p>Hemos realizado una manifestaci\u00f3n en Bilbo, desde la Plaza P\u00edo X hasta la sede de la Diputaci\u00f3n Foral de Bizkaia, en Gran V\u00eda, 25, para reclamar un convenio provincial para los y las trabajadoras del \u00e1mbito de la diversidad funcional. Hemos reivindicado un sector de diversidad funcional de calidad y un sistema de servicios sociales p\u00fablico, universal, de calidad, gratuito, comunitario y de gesti\u00f3n directa.&nbsp;<\/p>\n\n\n\n<p>Los y las trabajadoras que prestan actividad en el \u00e1mbito de la diversidad funcional realizan funciones educativas, colaborando, prestando apoyo y asistiendo a personas con diversidad funcional.&nbsp;<\/p>\n\n\n\n<p>Son personas trabajadoras del Sistema Vasco de Servicios Sociales, de responsabilidad y financiaci\u00f3n p\u00fablica. Sin embargo, la instituci\u00f3n titular, la Diputaci\u00f3n Foral de Bizkaia, ha optado por un modelo de gesti\u00f3n privada, sin regulaci\u00f3n y opaco.Un modelo de concertaci\u00f3n mediante convenios de colaboraci\u00f3n y subvenciones, que no garantiza la estabilidad en el empleo ni las condiciones laborales.<\/p>\n\n\n\n<p>La regulaci\u00f3n de las condiciones laborales&nbsp;&nbsp;se recoge en un Convenio Colectivo Sectorial Estatal, en el cual los y las trabajadoras no toman parte y que en ausencia de un Convenio Colectivo Sectorial Provincial, negociado aqu\u00ed, ha generado una atomizaci\u00f3n del propio sector en convenios de empresa, pactos de empresa y entidades a las cuales se les aplica el Convenio Marco estatal, suponiendo diferentes condiciones laborales y de compensaci\u00f3n por realizar la misma o similar actividad.<\/p>\n\n\n\n<p>Adem\u00e1s, no se eval\u00faan adecuadamente los riesgos laborales a los que est\u00e1n expuestas las y los trabajadoras, ni se implantan medidas preventivas eficaces.<\/p>\n\n\n\n<p>Ello ha tenido un efecto totalmente pernicioso en lo que a la calidad del servicio se refiere y en lo que respecta a los derechos y condiciones de los y las trabajadoras.&nbsp;<\/p>\n\n\n\n<p>Es hora de avanzar hacia un modelo de servicios sociales sociales p\u00fablico y de calidad, garante de los derechos de las personas de las personas usuarias y trabajadoras. En esos t\u00e9rminos el sindicato LAB, exige a la Diputaci\u00f3n Foral de Bizkiaia, que elabore un plan para revertir el conjunto de servicios y subrogue a todas las personas trabajadoras.<\/p>\n\n\n\n<p>Adem\u00e1s y con car\u00e1cter inmediato, LAB reclama la creaci\u00f3n de un Convenio Colectivo Sectorial de Bizkaia, que regule el \u00e1mbito de la diversidad funcional en Bizkaia, reconociendo adecuadamente las funciones que realizan los y las trabajadoras y equiparando condiciones laborales.<\/p>\n","protected":false},"excerpt":{"rendered":"<p>Hemos reivindicado un sector de diversidad funcional de calidad y un sistema de servicios sociales p\u00fablico, universal, de calidad, gratuito, comunitario y de gesti\u00f3n directa. <\/p>\n","protected":false},"author":1189,"featured_media":35404,"comment_status":"closed","ping_status":"closed","sticky":false,"template":"","format":"standard","meta":{"_monsterinsights_skip_tracking":false,"_monsterinsights_sitenote_active":false,"_monsterinsights_sitenote_note":"","_monsterinsights_sitenote_category":0,"footnotes":"","_links_to":"","_links_to_target":""},"categories":[18,3000,6],"tags":[3178,3217,3171],"class_list":{"0":"post-35387","1":"post","2":"type-post","3":"status-publish","4":"format-standard","5":"has-post-thumbnail","7":"category-es-accion-sindical","8":"category-servicio-sociocomunitario","9":"category-es-servicios-publicos","10":"tag-destacado-1","11":"tag-servicios-sociocomunitarios","12":"tag-servicios-publicos-es"},"_links":{"self":[{"href":"https:\/\/www.lab.eus\/es\/wp-json\/wp\/v2\/posts\/35387","targetHints":{"allow":["GET"]}}],"collection":[{"href":"https:\/\/www.lab.eus\/es\/wp-json\/wp\/v2\/posts"}],"about":[{"href":"https:\/\/www.lab.eus\/es\/wp-json\/wp\/v2\/types\/post"}],"author":[{"embeddable":true,"href":"https:\/\/www.lab.eus\/es\/wp-json\/wp\/v2\/users\/1189"}],"replies":[{"embeddable":true,"href":"https:\/\/www.lab.eus\/es\/wp-json\/wp\/v2\/comments?post=35387"}],"version-history":[{"count":0,"href":"https:\/\/www.lab.eus\/es\/wp-json\/wp\/v2\/posts\/35387\/revisions"}],"wp:featuredmedia":[{"embeddable":true,"href":"https:\/\/www.lab.eus\/es\/wp-json\/wp\/v2\/media\/35404"}],"wp:attachment":[{"href":"https:\/\/www.lab.eus\/es\/wp-json\/wp\/v2\/media?parent=35387"}],"wp:term":[{"taxonomy":"category","embeddable":true,"href":"https:\/\/www.lab.eus\/es\/wp-json\/wp\/v2\/categories?post=35387"},{"taxonomy":"post_tag","embeddable":true,"href":"https:\/\/www.lab.eus\/es\/wp-json\/wp\/v2\/tags?post=35387"}],"curies":[{"name":"wp","href":"https:\/\/api.w.org\/{rel}","templated":true}]}}