{"id":35380,"date":"2021-05-27T12:40:06","date_gmt":"2021-05-27T12:40:06","guid":{"rendered":"https:\/\/www.lab.eus\/?p=35380"},"modified":"2021-05-27T12:40:07","modified_gmt":"2021-05-27T12:40:07","slug":"celebramos-que-las-trabajadoras-de-los-banos-publicos-de-irunea-hayan-ganado-el-pulso-a-na-aunque-alertamos-de-que-persiste-la-amenaza-sobre-los-de-paseo-sarasate-lortudugu","status":"publish","type":"post","link":"https:\/\/www.lab.eus\/es\/celebramos-que-las-trabajadoras-de-los-banos-publicos-de-irunea-hayan-ganado-el-pulso-a-na-aunque-alertamos-de-que-persiste-la-amenaza-sobre-los-de-paseo-sarasate-lortudugu\/","title":{"rendered":"Celebramos que las trabajadoras de los ba\u00f1os p\u00fablicos de Iru\u00f1ea hayan ganado el pulso a Na+, aunque alertamos de que persiste la amenaza sobre los de Paseo Sarasate #LortuDugu"},"content":{"rendered":"\n<p>El sindicato LAB celebra que <a href=\"https:\/\/www.lab.eus\/es\/hemos-cubierto-con-plasticos-negros-los-banos-publicos-de-irunea-para-representar-las-intenciones-de-navarra-suma-de-cerrar-esos-banos-y-eliminar-los-puestos-de-trabajo\/\">tras diferentes movilizaciones<\/a> la plantilla haya conseguido que el Ayuntamiento de Pamplona, en manos de Na+, finalmente d\u00e9 marcha atr\u00e1s en su idea de sustituir la pr\u00e1ctica totalidad de los ba\u00f1os p\u00fablicos por aseos autom\u00e1ticos. No obstante, LAB quiere alertar sobre el futuro de los de Paseo Sarasate, ya que los quieren eliminar.<\/p>\n\n\n\n<p>Despu\u00e9s de una campa\u00f1a de denuncia por parte de las trabajadoras, finalmente NA+ reconoci\u00f3 que hab\u00eda un plan para ir cerrando los aseos, recogido en un pacto entre PSN Y UPN en la legislatura 2011-2015. Pese a ello, las trabajadoras, gracias a su determinaci\u00f3n, han conseguido que ese plan no siga adelante.<\/p>\n\n\n\n<p>Sin embargo, la victoria no es total ya que ayer se dio a conocer la intenci\u00f3n de eliminar los servicios del Paseo Sarasate aprovechando las obras de peatonalizaci\u00f3n que se llevar\u00e1n a cabo. En ese sentido, LAB hace un llamamiento a la plantilla y a la ciudadan\u00eda para que no acepten este cierre y defiendan tanto los puestos de trabajo como el servicio p\u00fablico insustituible que realizan estas trabajadoras.<\/p>\n","protected":false},"excerpt":{"rendered":"<p>El sindicato LAB celebra que tras diferentes movilizaciones la plantilla haya conseguido que el Ayuntamiento de Pamplona, en manos de Na+, finalmente d\u00e9 marcha atr\u00e1s en su idea de sustituir la pr\u00e1ctica totalidad de los ba\u00f1os p\u00fablicos por aseos autom\u00e1ticos. <\/p>\n","protected":false},"author":1189,"featured_media":33948,"comment_status":"closed","ping_status":"closed","sticky":false,"template":"","format":"standard","meta":{"_monsterinsights_skip_tracking":false,"_monsterinsights_sitenote_active":false,"_monsterinsights_sitenote_note":"","_monsterinsights_sitenote_category":0,"footnotes":"","_links_to":"","_links_to_target":""},"categories":[3108,6,3283],"tags":[3178,3171],"class_list":{"0":"post-35380","1":"post","2":"type-post","3":"status-publish","4":"format-standard","5":"has-post-thumbnail","7":"category-administracion-municipal-y-foral","8":"category-es-servicios-publicos","9":"category-sin-categorizar","10":"tag-destacado-1","11":"tag-servicios-publicos-es"},"_links":{"self":[{"href":"https:\/\/www.lab.eus\/es\/wp-json\/wp\/v2\/posts\/35380","targetHints":{"allow":["GET"]}}],"collection":[{"href":"https:\/\/www.lab.eus\/es\/wp-json\/wp\/v2\/posts"}],"about":[{"href":"https:\/\/www.lab.eus\/es\/wp-json\/wp\/v2\/types\/post"}],"author":[{"embeddable":true,"href":"https:\/\/www.lab.eus\/es\/wp-json\/wp\/v2\/users\/1189"}],"replies":[{"embeddable":true,"href":"https:\/\/www.lab.eus\/es\/wp-json\/wp\/v2\/comments?post=35380"}],"version-history":[{"count":0,"href":"https:\/\/www.lab.eus\/es\/wp-json\/wp\/v2\/posts\/35380\/revisions"}],"wp:featuredmedia":[{"embeddable":true,"href":"https:\/\/www.lab.eus\/es\/wp-json\/wp\/v2\/media\/33948"}],"wp:attachment":[{"href":"https:\/\/www.lab.eus\/es\/wp-json\/wp\/v2\/media?parent=35380"}],"wp:term":[{"taxonomy":"category","embeddable":true,"href":"https:\/\/www.lab.eus\/es\/wp-json\/wp\/v2\/categories?post=35380"},{"taxonomy":"post_tag","embeddable":true,"href":"https:\/\/www.lab.eus\/es\/wp-json\/wp\/v2\/tags?post=35380"}],"curies":[{"name":"wp","href":"https:\/\/api.w.org\/{rel}","templated":true}]}}