{"id":35302,"date":"2021-05-26T14:16:12","date_gmt":"2021-05-26T14:16:12","guid":{"rendered":"https:\/\/www.lab.eus\/?p=35302"},"modified":"2021-05-27T07:20:02","modified_gmt":"2021-05-27T07:20:02","slug":"no-llego-ni-a-1-000-euros-trabajando-60-horas-semanales-para-glovo","status":"publish","type":"post","link":"https:\/\/www.lab.eus\/es\/no-llego-ni-a-1-000-euros-trabajando-60-horas-semanales-para-glovo\/","title":{"rendered":"\u00abNo llego ni a 1.000 euros trabajando 60 horas semanales para Glovo\u00bb"},"content":{"rendered":"\n<p>Klemen es un trabajador de Glovo. Aunque Glovo no lo quiera reconocer. Pero est\u00e1 claro que lo es. Y como tal trabaja 60 horas semanales, sin ning\u00fan d\u00eda de descanso, repartiendo a domicilio bajo los dictados del algoritmo esclavista de Glovo. Y descontando los gastos, no llega ni a los 1.000 euros limpios mensuales. <a href=\"https:\/\/www.lab.eus\/es\/el-reconocimiento-de-la-relacion-laboral-de-las-y-los-trabajadores-de-glovo-en-bizkaia-supone-un-hito-para-todo-el-que-desempene-su-labor-mediante-una-plataforma\/\">Una tras otra est\u00e1n cayendo sentencias<\/a> que confirman lo que Klemen ya sabe desde el primer d\u00eda que cogi\u00f3 la mochila amarilla. Que \u00e9l y sus compa\u00f1eros son falsos aut\u00f3nomos. Que, efectivamente, tienen una relaci\u00f3n laboral con Glovo. Pero el capitalismo digital es tan implacable como el an\u00e1logico. As\u00ed que toca seguir luchando. En el caso de Klemen, mediante la secci\u00f3n sindical de LAB que han creado en Glovo. <\/p>\n\n\n\n<p>Analizamos con Klemen Celestino y Berta Garc\u00eda, miembro de la Federaci\u00f3n de Servicios Privados de LAB, las consecuencias de las sentencias contra Glovo, la insuficiente Ley Rider, y la importancia de organizarse para luchar por unas condiciones de trabajo dignas.<\/p>\n","protected":false},"excerpt":{"rendered":"<p>Analizamos con el rider Klemen Celestino y Berta Garc\u00eda, miembro de la Federaci\u00f3n de Servicios Privados de LAB, las consecuencias de las sentencias contra Glovo, la insuficiente Ley Rider, y la importancia de organizarse para luchar por unas condiciones de trabajo dignas.<\/p>\n","protected":false},"author":1189,"featured_media":35337,"comment_status":"closed","ping_status":"closed","sticky":false,"template":"","format":"video","meta":{"_monsterinsights_skip_tracking":false,"_monsterinsights_sitenote_active":false,"_monsterinsights_sitenote_note":"","_monsterinsights_sitenote_category":0,"footnotes":"","_links_to":"","_links_to_target":""},"categories":[18,2937,8],"tags":[3033,3178,3172],"class_list":{"0":"post-35302","1":"post","2":"type-post","3":"status-publish","4":"format-video","5":"has-post-thumbnail","7":"category-es-accion-sindical","8":"category-otros","9":"category-es-servicios-privados","10":"tag-accion-sindical-es","11":"tag-destacado-1","12":"tag-servicios-privados-es","13":"post_format-post-format-video"},"_links":{"self":[{"href":"https:\/\/www.lab.eus\/es\/wp-json\/wp\/v2\/posts\/35302","targetHints":{"allow":["GET"]}}],"collection":[{"href":"https:\/\/www.lab.eus\/es\/wp-json\/wp\/v2\/posts"}],"about":[{"href":"https:\/\/www.lab.eus\/es\/wp-json\/wp\/v2\/types\/post"}],"author":[{"embeddable":true,"href":"https:\/\/www.lab.eus\/es\/wp-json\/wp\/v2\/users\/1189"}],"replies":[{"embeddable":true,"href":"https:\/\/www.lab.eus\/es\/wp-json\/wp\/v2\/comments?post=35302"}],"version-history":[{"count":0,"href":"https:\/\/www.lab.eus\/es\/wp-json\/wp\/v2\/posts\/35302\/revisions"}],"wp:featuredmedia":[{"embeddable":true,"href":"https:\/\/www.lab.eus\/es\/wp-json\/wp\/v2\/media\/35337"}],"wp:attachment":[{"href":"https:\/\/www.lab.eus\/es\/wp-json\/wp\/v2\/media?parent=35302"}],"wp:term":[{"taxonomy":"category","embeddable":true,"href":"https:\/\/www.lab.eus\/es\/wp-json\/wp\/v2\/categories?post=35302"},{"taxonomy":"post_tag","embeddable":true,"href":"https:\/\/www.lab.eus\/es\/wp-json\/wp\/v2\/tags?post=35302"}],"curies":[{"name":"wp","href":"https:\/\/api.w.org\/{rel}","templated":true}]}}