{"id":35272,"date":"2021-05-26T12:08:04","date_gmt":"2021-05-26T12:08:04","guid":{"rendered":"https:\/\/www.lab.eus\/?p=35272"},"modified":"2021-05-26T12:08:06","modified_gmt":"2021-05-26T12:08:06","slug":"las-denuncias-las-multas-y-la-represion-no-pararan-a-los-y-las-trabajadoras-que-decidan-luchar-por-unas-condiciones-laborales-y-de-vida-dignas","status":"publish","type":"post","link":"https:\/\/www.lab.eus\/es\/las-denuncias-las-multas-y-la-represion-no-pararan-a-los-y-las-trabajadoras-que-decidan-luchar-por-unas-condiciones-laborales-y-de-vida-dignas\/","title":{"rendered":"\u00abLas denuncias, las multas y la represi\u00f3n no parar\u00e1n a los y las trabajadoras que decidan luchar por unas condiciones laborales y de vida dignas\u00bb"},"content":{"rendered":"\n<p>Han sido juzgados en Bilbo tres trabajadores que decidieron hacer huelga por el convenio del metal de Bizkaia y luchar por tener unas condiciones de trabajo y de vida dignas. Los sindicatos hemos convocado una concentraci\u00f3n ante los juzgados para reivindicar que defender los derechos de las y los trabajadores nunca es delito. En la protesta, ha tomado la palabra Iratxe Azkue, representante de la Federaci\u00f3n de Industria de LAB.<\/p>\n\n\n\n<p>En el metal de Bizkaia se hicieron 10 huelgas, as\u00ed como diversas movilizaciones. Como consecuencia de esta lucha, en la actualidad hay 7 trabajadores imputados, han llegado a estar hasta 15 trabajadoras y trabajadores imputados, pero 8 de ellos han sido absueltos y absueltas de las acusaciones. Adem\u00e1s, se han impuesto varias multas y sanciones econ\u00f3micas, en algunos casos porque se ha aplicado la Ley Mordaza.<\/p>\n\n\n\n<p>Los sindicatos nos hemos movilizado ante los juzgados con el lema \u00abDefender los derechos de los y las trabajadoras nunca ser\u00e1 delito\u00bb y hemos denunciado lo que est\u00e1 detr\u00e1s de todas estas acusaciones (incluidas en algunos casos peticiones de ingreso en prisi\u00f3n): se trata de criminalizar el derecho a la huelga, hay un deseo de criminalizar todas las luchas que se llevan a cabo para proteger unas condiciones de trabajo y de vida dignas. Quieren quitar a los y las trabajadoras el derecho a luchar. Muchos trabajadores y trabajadoras han llevado y est\u00e1n llevando a cabo una lucha ejemplar, una lucha de todo un colectivo, de un sector.<\/p>\n\n\n\n<p>Hemos se\u00f1alado que este intento de criminalizaci\u00f3n es consecuencia de una decisi\u00f3n pol\u00edtica. Esta decisi\u00f3n ha venido de la mano de las instituciones, especialmente, del Gobierno Vasco presidido por el lehendakari Urkullu. De hecho, durante el conflicto se puso inequ\u00edvocamente del lado de la patronal, por ejemplo, cuando envi\u00f3 a la Ertzaintza a amedrentar a las y los huelguistas. Finalmente, varias y varios trabajadores fueron golpeados, detenidos y denunciados. Tras una manifestaci\u00f3n celebrada en Bilbo en una de las jornadas de huelga, los sindicatos convocantes de la huelga denunciamos en una nota de prensa este uso desproporcionado de la violencia. Entonces advertimos al Gobierno Vasco y a FVEM que la v\u00eda policial y la v\u00eda judicial en ning\u00fan caso era el camino. Sin embargo, hoy, tenemos todav\u00eda 7 trabajadores imputados.<\/p>\n\n\n\n<p>Hemos incidido que en todo este tiempo no hemos visto al lehendakari y al Gobierno Vasco proteger a los trabajadores y trabajadoras del metal que han sido despedidas por hacer huelga, tampoco les hemos visto defender a los trabajadores y trabajadoras que han sido amenazadas para que no secunden la huelga, tampoco les hemos visto junto a trabajadores y trabajadoras que a diario ven vulnerados sus derechos laborales o viven inmersos en la precariedad, que a veces pierden la salud y demasiadas veces la vida. Adem\u00e1s, tampoco hemos visto a los empresarios hacer frente a los juicios, a las peticiones de prisi\u00f3n, aunque hayan llevado a cabo vulneraciones de derechos como la que acabamos de mencionar. Act\u00faan con total impunidad porque alguien lo permite, porque todo el sistema lo permite.<\/p>\n\n\n\n<p>Sin embargo, el metal vizca\u00edno no es una excepci\u00f3n. La denunciable actuaci\u00f3n policial de los \u00faltimos meses contra trabajadores y trabajadoras que defienden sus puestos de trabajo debe ser revisada por el Gobierno Vasco, entre ellas la agresiones sufridas por trabajadores y trabajadoras\u00a0de ITP-PCB, TUBACEX&#8230;. De estos dos \u00faltimos conflictos hay, de momento, 3 personas que han tenido que declarar en los juzgados y otras 3 est\u00e1n citadas a declarar en junio y es previsible que lleguen m\u00e1s imputaciones. Nadie olvida las im\u00e1genes de trabajadores y trabajadoras apaleadas por la Ertzaintza a las puertas de ITP-PCB, de TUBACEX e incluso a las puertas del Parlamento Vasco.\u00a0\u00a0<\/p>\n\n\n\n<p>Defender los derechos de los y las trabajadoras nunca ser\u00e1 delito. Por ello las denuncias, las multas y la represi\u00f3n no parar\u00e1n a los y las trabajadoras que decidan luchar por unas condiciones laborales y de vida dignas.<\/p>\n","protected":false},"excerpt":{"rendered":"<p>Han sido juzgados en Bilbo tres trabajadores que decidieron hacer huelga por el convenio del metal de Bizkaia y luchar por tener unas condiciones de trabajo y de vida dignas. Los sindicatos hemos convocado una concentraci\u00f3n ante los juzgados para reivindicar que defender los derechos de las y los trabajadores nunca es delito.<\/p>\n","protected":false},"author":1189,"featured_media":35271,"comment_status":"closed","ping_status":"closed","sticky":false,"template":"","format":"standard","meta":{"_monsterinsights_skip_tracking":false,"_monsterinsights_sitenote_active":false,"_monsterinsights_sitenote_note":"","_monsterinsights_sitenote_category":0,"footnotes":"","_links_to":"","_links_to_target":""},"categories":[18,2868,108,3283],"tags":[3033,3178,2996,3064],"class_list":{"0":"post-35272","1":"post","2":"type-post","3":"status-publish","4":"format-standard","5":"has-post-thumbnail","7":"category-es-accion-sindical","8":"category-industria-es","9":"category-es-metal","10":"category-sin-categorizar","11":"tag-accion-sindical-es","12":"tag-destacado-1","13":"tag-industria-es","14":"tag-metal-es"},"_links":{"self":[{"href":"https:\/\/www.lab.eus\/es\/wp-json\/wp\/v2\/posts\/35272","targetHints":{"allow":["GET"]}}],"collection":[{"href":"https:\/\/www.lab.eus\/es\/wp-json\/wp\/v2\/posts"}],"about":[{"href":"https:\/\/www.lab.eus\/es\/wp-json\/wp\/v2\/types\/post"}],"author":[{"embeddable":true,"href":"https:\/\/www.lab.eus\/es\/wp-json\/wp\/v2\/users\/1189"}],"replies":[{"embeddable":true,"href":"https:\/\/www.lab.eus\/es\/wp-json\/wp\/v2\/comments?post=35272"}],"version-history":[{"count":0,"href":"https:\/\/www.lab.eus\/es\/wp-json\/wp\/v2\/posts\/35272\/revisions"}],"wp:featuredmedia":[{"embeddable":true,"href":"https:\/\/www.lab.eus\/es\/wp-json\/wp\/v2\/media\/35271"}],"wp:attachment":[{"href":"https:\/\/www.lab.eus\/es\/wp-json\/wp\/v2\/media?parent=35272"}],"wp:term":[{"taxonomy":"category","embeddable":true,"href":"https:\/\/www.lab.eus\/es\/wp-json\/wp\/v2\/categories?post=35272"},{"taxonomy":"post_tag","embeddable":true,"href":"https:\/\/www.lab.eus\/es\/wp-json\/wp\/v2\/tags?post=35272"}],"curies":[{"name":"wp","href":"https:\/\/api.w.org\/{rel}","templated":true}]}}