{"id":35107,"date":"2021-05-24T08:15:31","date_gmt":"2021-05-24T08:15:31","guid":{"rendered":"https:\/\/www.lab.eus\/?p=35107"},"modified":"2021-05-24T08:52:12","modified_gmt":"2021-05-24T08:52:12","slug":"realizaremos-paros-y-movilizaciones-el-2-de-junio-por-el-futuro-de-aiaraldea","status":"publish","type":"post","link":"https:\/\/www.lab.eus\/es\/realizaremos-paros-y-movilizaciones-el-2-de-junio-por-el-futuro-de-aiaraldea\/","title":{"rendered":"Realizaremos paros y movilizaciones el 2 de junio por el futuro de Aiaraldea"},"content":{"rendered":"\n<p>Desde la mayor\u00eda sindical vasca, junto a numerosos agentes sociales del eskualde, hemos convocado un paro de 4 horas y movilizaciones para el pr\u00f3ximo 2 de junio en Aiaraldea, con el lema \u00abSOS Aiaraldea\u00bb. Nos manifestaremos por la ma\u00f1ana en Laudio y por la tarde en Amurrio.<\/p>\n\n\n\n<p>Este es el manifiesto elaborado por los sindicatos y los agentes:<\/p>\n\n\n\n<p>Adjuntamos el manifiesto presentado hoy en el acto realizado en Amurrio antzokia, cartel de la convocatoria y fotograf\u00eda del acto.<\/p>\n\n\n\n<p>&#8211; La situaci\u00f3n en la que se encuentra Aiaraldea hoy en d\u00eda es alarmante, motivada por el cierre de empresas, despidos en muchas otras, precarizaci\u00f3n de las condiciones de trabajo y el nulo compromiso institucional de una apuesta clara y firme por este eskualde. Nos estamos quedando sin futuro.<\/p>\n\n\n\n<p>&#8211; Como hemos reivindicado en el acto de hoy, se est\u00e1n tejiendo las redes entre distintos agentes sociales, sindicales y con diversos movimientos de Aiaraldea (comit\u00e9s de empresa, mayor\u00eda sindical vasca, j\u00f3venes, movimiento feminista, pensionistas, comercio y hosteler\u00eda, educaci\u00f3n, servicios p\u00fablicos&#8230; entre otros). Es por ello que hacemos un llamamiento a responder como eskualde y hoy el \u201cfrente comarcal\u201d emprende un nuevo camino de cara al futuro.<\/p>\n\n\n\n<p>&#8211; En este sentido, el paro es un paso grande y l\u00f3gico de lo hecho hasta ahora y un nuevo paso de todo lo que est\u00e1 por venir. Vamos a hacer una demostraci\u00f3n de fuerza, y todos estos sectores y movimientos unidos llamamos a secundar el d\u00eda de movilizaci\u00f3n y a participar en las distintas manifestaciones convocadas para dicha jornada.<\/p>\n\n\n\n<p>&#8211; Bajo el lema \u201cS.O.S. AIARALDEA\u201d se ha convocado un paro de 4 horas para el pr\u00f3ximo mi\u00e9rcoles 2 de junio de 10.00h a 14.00h en todos los sectores a excepci\u00f3n de comercios y hosteler\u00eda que cerrar\u00e1n sus negocios durante las manifestaciones convocadas para ese d\u00eda y expondr\u00e1n protestas visuales en los escaparates.<\/p>\n\n\n\n<p>Habr\u00e1 dos manifestaciones el 2 de junio:<\/p>\n\n\n\n<p>La primera de ellas esta convocada a las 11:00 de la ma\u00f1ana con salida desde la Herriko Plaza de Laudio.<\/p>\n\n\n\n<p>A las 19.00h tendr\u00e1 lugar en Amurrio la segunda manifestaci\u00f3n de la jornada, con salida desde la Herriko Plaza de Amurrio (Juan de Urrutia Plaza).<\/p>\n\n\n\n<p>Aiaraldea se encuentra en situaci\u00f3n de emergencia. Defendamos nuestro futuro.\u00a1S.O.S. AIARALDEA!<\/p>\n","protected":false},"excerpt":{"rendered":"<p>Desde la mayor\u00eda sindical vasca, junto a numerosos agentes sociales del eskualde, hemos convocado un paro de cuatro horas y movilizaciones para el pr\u00f3ximo 2 de junio en Aiaraldea, con el lema \u00abSOS Aiaraldea\u00bb.<\/p>\n","protected":false},"author":1189,"featured_media":35105,"comment_status":"closed","ping_status":"closed","sticky":false,"template":"","format":"standard","meta":{"_monsterinsights_skip_tracking":false,"_monsterinsights_sitenote_active":false,"_monsterinsights_sitenote_note":"","_monsterinsights_sitenote_category":0,"footnotes":"","_links_to":"","_links_to_target":""},"categories":[18,2994,2868,108],"tags":[3033,3182,3178,2996,3064],"class_list":{"0":"post-35107","1":"post","2":"type-post","3":"status-publish","4":"format-standard","5":"has-post-thumbnail","7":"category-es-accion-sindical","8":"category-accion-social","9":"category-industria-es","10":"category-es-metal","11":"tag-accion-sindical-es","12":"tag-accion-social-es","13":"tag-destacado-1","14":"tag-industria-es","15":"tag-metal-es"},"_links":{"self":[{"href":"https:\/\/www.lab.eus\/es\/wp-json\/wp\/v2\/posts\/35107","targetHints":{"allow":["GET"]}}],"collection":[{"href":"https:\/\/www.lab.eus\/es\/wp-json\/wp\/v2\/posts"}],"about":[{"href":"https:\/\/www.lab.eus\/es\/wp-json\/wp\/v2\/types\/post"}],"author":[{"embeddable":true,"href":"https:\/\/www.lab.eus\/es\/wp-json\/wp\/v2\/users\/1189"}],"replies":[{"embeddable":true,"href":"https:\/\/www.lab.eus\/es\/wp-json\/wp\/v2\/comments?post=35107"}],"version-history":[{"count":0,"href":"https:\/\/www.lab.eus\/es\/wp-json\/wp\/v2\/posts\/35107\/revisions"}],"wp:featuredmedia":[{"embeddable":true,"href":"https:\/\/www.lab.eus\/es\/wp-json\/wp\/v2\/media\/35105"}],"wp:attachment":[{"href":"https:\/\/www.lab.eus\/es\/wp-json\/wp\/v2\/media?parent=35107"}],"wp:term":[{"taxonomy":"category","embeddable":true,"href":"https:\/\/www.lab.eus\/es\/wp-json\/wp\/v2\/categories?post=35107"},{"taxonomy":"post_tag","embeddable":true,"href":"https:\/\/www.lab.eus\/es\/wp-json\/wp\/v2\/tags?post=35107"}],"curies":[{"name":"wp","href":"https:\/\/api.w.org\/{rel}","templated":true}]}}