{"id":35093,"date":"2021-05-21T11:28:05","date_gmt":"2021-05-21T11:28:05","guid":{"rendered":"https:\/\/www.lab.eus\/?p=35093"},"modified":"2021-05-21T11:28:06","modified_gmt":"2021-05-21T11:28:06","slug":"nos-hemos-movilizado-en-bilbo-en-defensa-de-los-derechos-de-las-y-los-presos-2","status":"publish","type":"post","link":"https:\/\/www.lab.eus\/es\/nos-hemos-movilizado-en-bilbo-en-defensa-de-los-derechos-de-las-y-los-presos-2\/","title":{"rendered":"Nos hemos movilizado en Bilbo en defensa de los derechos de las y los presos"},"content":{"rendered":"\n<p>Los sindicatos LAB, ELA, UGT, ESK, STEILAS, CGT\/LKN, CNT, EHNE, HIRU y Etxalde nos hemos concentrado en Bilbo en defensa de los derechos de las y los presos, siguiendo la din\u00e1mica mensual de movilizaci\u00f3n. En concreto, la concentraci\u00f3n se ha llevado a cabo en el marco de la iniciativa Izan Bidea de Sare, en la Plaza El\u00edptica.<\/p>\n","protected":false},"excerpt":{"rendered":"<p>Los sindicatos LAB, ELA, UGT, ESK, STEILAS, CGT\/LKN, CNT, EHNE, HIRU y Etxalde nos hemos concentrado en Bilbo en defensa de los derechos de las y los presos, siguiendo la din\u00e1mica mensual de movilizaci\u00f3n. En concreto, la concentraci\u00f3n se ha llevado a cabo en el marco de la iniciativa Izan Bidea de Sare, en la Plaza El\u00edptica.<\/p>\n","protected":false},"author":1189,"featured_media":35090,"comment_status":"closed","ping_status":"closed","sticky":false,"template":"","format":"standard","meta":{"_monsterinsights_skip_tracking":false,"_monsterinsights_sitenote_active":false,"_monsterinsights_sitenote_note":"","_monsterinsights_sitenote_category":0,"footnotes":"","_links_to":"","_links_to_target":""},"categories":[3402,3301,2870,3283],"tags":[3178,3231,3225],"class_list":{"0":"post-35093","1":"post","2":"type-post","3":"status-publish","4":"format-standard","5":"has-post-thumbnail","7":"category-accion-politica","8":"category-euskal-herria-es-2","9":"category-euskal-presoak-euskal-herria-3","10":"category-sin-categorizar","11":"tag-destacado-1","12":"tag-euskal-herria-es","13":"tag-euskal-presoak-es"},"_links":{"self":[{"href":"https:\/\/www.lab.eus\/es\/wp-json\/wp\/v2\/posts\/35093","targetHints":{"allow":["GET"]}}],"collection":[{"href":"https:\/\/www.lab.eus\/es\/wp-json\/wp\/v2\/posts"}],"about":[{"href":"https:\/\/www.lab.eus\/es\/wp-json\/wp\/v2\/types\/post"}],"author":[{"embeddable":true,"href":"https:\/\/www.lab.eus\/es\/wp-json\/wp\/v2\/users\/1189"}],"replies":[{"embeddable":true,"href":"https:\/\/www.lab.eus\/es\/wp-json\/wp\/v2\/comments?post=35093"}],"version-history":[{"count":0,"href":"https:\/\/www.lab.eus\/es\/wp-json\/wp\/v2\/posts\/35093\/revisions"}],"wp:featuredmedia":[{"embeddable":true,"href":"https:\/\/www.lab.eus\/es\/wp-json\/wp\/v2\/media\/35090"}],"wp:attachment":[{"href":"https:\/\/www.lab.eus\/es\/wp-json\/wp\/v2\/media?parent=35093"}],"wp:term":[{"taxonomy":"category","embeddable":true,"href":"https:\/\/www.lab.eus\/es\/wp-json\/wp\/v2\/categories?post=35093"},{"taxonomy":"post_tag","embeddable":true,"href":"https:\/\/www.lab.eus\/es\/wp-json\/wp\/v2\/tags?post=35093"}],"curies":[{"name":"wp","href":"https:\/\/api.w.org\/{rel}","templated":true}]}}