{"id":35085,"date":"2021-05-21T10:58:55","date_gmt":"2021-05-21T10:58:55","guid":{"rendered":"https:\/\/www.lab.eus\/?p=35085"},"modified":"2021-05-21T11:00:07","modified_gmt":"2021-05-21T11:00:07","slug":"nos-hemos-vuelto-a-movilizar-en-laudio-en-defensa-del-futuro-de-aiaraldea","status":"publish","type":"post","link":"https:\/\/www.lab.eus\/es\/nos-hemos-vuelto-a-movilizar-en-laudio-en-defensa-del-futuro-de-aiaraldea\/","title":{"rendered":"Nos hemos vuelto a movilizar en Laudio en defensa del futuro de Aiaraldea"},"content":{"rendered":"\n<p>Las y los trabajadores de Tubacex han cumplido 100 d\u00edas de huelga. Coincidiendo con estos 100 d\u00edas de lucha, se han movilizado por las calles de Laudio junto a la ciudadan\u00eda y agentes del eskualde, entre los que tambi\u00e9n ha estado LAB. As\u00ed, se ha llevado a cabo una sentada en la calle principal para defender, no solo el empleo de Tubacex, sino tambi\u00e9n el futuro de Aiaraldea. La respuesta ha vuelto a ser ejemplar.<\/p>\n","protected":false},"excerpt":{"rendered":"<p>Coincidiendo con los 100 d\u00edas de huelga en Tubacex, las y los trabajadores en lucha se han movilizado en Laudio junto a la ciudadan\u00eda y agentes del eskualde, entre los que tambi\u00e9n ha estado LAB. <\/p>\n","protected":false},"author":1189,"featured_media":35080,"comment_status":"closed","ping_status":"closed","sticky":false,"template":"","format":"standard","meta":{"_monsterinsights_skip_tracking":false,"_monsterinsights_sitenote_active":false,"_monsterinsights_sitenote_note":"","_monsterinsights_sitenote_category":0,"footnotes":"","_links_to":"","_links_to_target":""},"categories":[18,2994,2868,108,3283],"tags":[3033,3182,3178,2996,3064],"class_list":{"0":"post-35085","1":"post","2":"type-post","3":"status-publish","4":"format-standard","5":"has-post-thumbnail","7":"category-es-accion-sindical","8":"category-accion-social","9":"category-industria-es","10":"category-es-metal","11":"category-sin-categorizar","12":"tag-accion-sindical-es","13":"tag-accion-social-es","14":"tag-destacado-1","15":"tag-industria-es","16":"tag-metal-es"},"_links":{"self":[{"href":"https:\/\/www.lab.eus\/es\/wp-json\/wp\/v2\/posts\/35085","targetHints":{"allow":["GET"]}}],"collection":[{"href":"https:\/\/www.lab.eus\/es\/wp-json\/wp\/v2\/posts"}],"about":[{"href":"https:\/\/www.lab.eus\/es\/wp-json\/wp\/v2\/types\/post"}],"author":[{"embeddable":true,"href":"https:\/\/www.lab.eus\/es\/wp-json\/wp\/v2\/users\/1189"}],"replies":[{"embeddable":true,"href":"https:\/\/www.lab.eus\/es\/wp-json\/wp\/v2\/comments?post=35085"}],"version-history":[{"count":0,"href":"https:\/\/www.lab.eus\/es\/wp-json\/wp\/v2\/posts\/35085\/revisions"}],"wp:featuredmedia":[{"embeddable":true,"href":"https:\/\/www.lab.eus\/es\/wp-json\/wp\/v2\/media\/35080"}],"wp:attachment":[{"href":"https:\/\/www.lab.eus\/es\/wp-json\/wp\/v2\/media?parent=35085"}],"wp:term":[{"taxonomy":"category","embeddable":true,"href":"https:\/\/www.lab.eus\/es\/wp-json\/wp\/v2\/categories?post=35085"},{"taxonomy":"post_tag","embeddable":true,"href":"https:\/\/www.lab.eus\/es\/wp-json\/wp\/v2\/tags?post=35085"}],"curies":[{"name":"wp","href":"https:\/\/api.w.org\/{rel}","templated":true}]}}