{"id":34798,"date":"2021-05-11T14:05:09","date_gmt":"2021-05-11T14:05:09","guid":{"rendered":"https:\/\/www.lab.eus\/?p=34798"},"modified":"2021-05-11T14:05:10","modified_gmt":"2021-05-11T14:05:10","slug":"hemos-denunciado-que-estan-utilizando-a-la-policia-municipal-de-bilbao-en-funciones-de-orden-publico-que-no-son-de-su-competencia","status":"publish","type":"post","link":"https:\/\/www.lab.eus\/es\/hemos-denunciado-que-estan-utilizando-a-la-policia-municipal-de-bilbao-en-funciones-de-orden-publico-que-no-son-de-su-competencia\/","title":{"rendered":"Hemos denunciado que est\u00e1n utilizando a la Polic\u00eda Municipal de Bilbao en funciones de orden p\u00fablico que no son de su competencia"},"content":{"rendered":"\n<p>A ra\u00edz de la participaci\u00f3n de la Polic\u00eda Municipal de Bilbao esta pasada noche en el desalojo del local de Arrakala en Alde Zaharra, el sindicato LAB quiere expresar lo siguiente:<\/p>\n\n\n\n<p>&#8211; Denunciar la utilizaci\u00f3n de la Polic\u00eda Municipal en funciones de orden p\u00fablico que no son de su competencia. Otra vez nos encontramos ante una nueva expresi\u00f3n de la deriva autoritaria y represiva a la que el gobierno municipal est\u00e1 llevando a la Polic\u00eda Municipal de Bilbao. Cada vez aleja m\u00e1s a \u00e9sta del modelo de polic\u00eda de proximidad que supuestamente defiende.<\/p>\n\n\n\n<p>El hacer frente a problemas sociales mediante la represi\u00f3n es totalmente contradictorio con la idea de una polic\u00eda de proximidad basada en la colaboraci\u00f3n con los agentes sociales y en la mediaci\u00f3n. La alcald\u00eda y el gobierno PNV-PSE est\u00e1n aumentando la brecha entre la polic\u00eda municipal y la ciudadan\u00eda en vez de reducirla.<\/p>\n\n\n\n<p>&#8211; El gobierno municipal ha reventado el acuerdo de seguridad, aprobado en pleno por unanimidad. Asimismo, Amaia Arregi, alcaldesa en funciones, hace caso omiso a la declaraci\u00f3n un\u00e1nime del Comit\u00e9 de Empresa del Ayuntamiento en la que se insta al Equipo de Gobierno a no utilizar a los trabajadores y trabajadoras municipales en los desalojos de viviendas por desahucios, as\u00ed como a no convertir a los trabajadores y trabajadoras p\u00fablicos en instrumento al servicio de los intereses de la banca y los intereses privados, en general.<\/p>\n\n\n\n<p>&#8211; Exigimos a la alcaldesa y al PNV-PSE que paren esta din\u00e1mica represiva y no participen ni apoyen los desahucios que est\u00e1n programados para los pr\u00f3ximos d\u00edas.<\/p>\n\n\n\n<p>En este sentido, el desalojo del espacio Arrakala hemos de contextualizarlo. La problem\u00e1tica de la vivienda se est\u00e1 agudizando a ra\u00edz de la crisis del covid-19, encontr\u00e1ndonos en estos momentos inmersas en un ataque contra los y las trabajadoras y contra el derecho universal a la vivienda. Esta misma semana, a parte del desalojo de Arrakala, en Bilbo se prev\u00e9n al menos otros dos desahucios, siendo esto una muestra m\u00e1s de que se est\u00e1n priorizando el capital financiero e inmobiliario por encima de los derechos de la clase trabajadora.<\/p>\n\n\n\n<p>El derecho universal a una vivienda digna, a parte de ser un principio pol\u00edtico de primer orden, es una necesidad material urgente para miles de familias. El sindicato LAB tiene claro que su lugar es estar en primera l\u00ednea en la defensa de ese derecho. Animamos asimismo a todas y todos los trabajadores a participar de manera activa evitando todos estos desahucios que se quieren materializar.<\/p>\n","protected":false},"excerpt":{"rendered":"<p>Exigimos a la alcaldesa y al PNV-PSE que paren la din\u00e1mica represiva y no participen ni apoyen los desahucios que est\u00e1n programados para los pr\u00f3ximos d\u00edas.<\/p>\n","protected":false},"author":1189,"featured_media":34795,"comment_status":"closed","ping_status":"closed","sticky":false,"template":"","format":"standard","meta":{"_monsterinsights_skip_tracking":false,"_monsterinsights_sitenote_active":false,"_monsterinsights_sitenote_note":"","_monsterinsights_sitenote_category":0,"footnotes":"","_links_to":"","_links_to_target":""},"categories":[2994,3108,6,3283],"tags":[3182,3178,3171],"class_list":{"0":"post-34798","1":"post","2":"type-post","3":"status-publish","4":"format-standard","5":"has-post-thumbnail","7":"category-accion-social","8":"category-administracion-municipal-y-foral","9":"category-es-servicios-publicos","10":"category-sin-categorizar","11":"tag-accion-social-es","12":"tag-destacado-1","13":"tag-servicios-publicos-es"},"_links":{"self":[{"href":"https:\/\/www.lab.eus\/es\/wp-json\/wp\/v2\/posts\/34798","targetHints":{"allow":["GET"]}}],"collection":[{"href":"https:\/\/www.lab.eus\/es\/wp-json\/wp\/v2\/posts"}],"about":[{"href":"https:\/\/www.lab.eus\/es\/wp-json\/wp\/v2\/types\/post"}],"author":[{"embeddable":true,"href":"https:\/\/www.lab.eus\/es\/wp-json\/wp\/v2\/users\/1189"}],"replies":[{"embeddable":true,"href":"https:\/\/www.lab.eus\/es\/wp-json\/wp\/v2\/comments?post=34798"}],"version-history":[{"count":0,"href":"https:\/\/www.lab.eus\/es\/wp-json\/wp\/v2\/posts\/34798\/revisions"}],"wp:featuredmedia":[{"embeddable":true,"href":"https:\/\/www.lab.eus\/es\/wp-json\/wp\/v2\/media\/34795"}],"wp:attachment":[{"href":"https:\/\/www.lab.eus\/es\/wp-json\/wp\/v2\/media?parent=34798"}],"wp:term":[{"taxonomy":"category","embeddable":true,"href":"https:\/\/www.lab.eus\/es\/wp-json\/wp\/v2\/categories?post=34798"},{"taxonomy":"post_tag","embeddable":true,"href":"https:\/\/www.lab.eus\/es\/wp-json\/wp\/v2\/tags?post=34798"}],"curies":[{"name":"wp","href":"https:\/\/api.w.org\/{rel}","templated":true}]}}