{"id":34791,"date":"2021-05-11T13:14:06","date_gmt":"2021-05-11T13:14:06","guid":{"rendered":"https:\/\/www.lab.eus\/?p=34791"},"modified":"2021-05-11T13:17:00","modified_gmt":"2021-05-11T13:17:00","slug":"apostamos-por-un-nuevo-modelo-que-priorice-la-vida-y-la-salud-de-los-trabajadores-y-trabajadoras","status":"publish","type":"post","link":"https:\/\/www.lab.eus\/es\/apostamos-por-un-nuevo-modelo-que-priorice-la-vida-y-la-salud-de-los-trabajadores-y-trabajadoras\/","title":{"rendered":"Apostamos por un nuevo modelo que priorice la vida y la salud de los trabajadores y trabajadoras"},"content":{"rendered":"\n<p>Hemos tenido conocimiento de que, el lunes, un trabajador de la empresa Refrectarios Kelsen de Aduna sufri\u00f3 un infarto cuando se encontraba trabajando, falleciendo en el acto. Con este fallecimiento, son al menos las y los <a href=\"https:\/\/www.lab.eus\/2021ean-lan-istripuan-hildako-langileak\/\">21 trabajadoras y trabajadores muertos desde el comienzo de a\u00f1o<\/a> en Euskal Herria. Adem\u00e1s, Joaqu\u00edn Beltr\u00e1n sigue desaparecido desde hace 15 meses y 5 d\u00edas en el vertedero de Zaldibar.<\/p>\n\n\n\n<p>En primer lugar, desde el sindicato LAB, queremos trasladar a familiares y compa\u00f1eros y compa\u00f1eras del fallecido nuestra solidaridad y apoyo.<\/p>\n\n\n\n<p>Los infartos o el hecho de que se d\u00e9 una dolencia vascular circulatoria en el trabajo, no son casualidad. No es que lo ocurrido, tal y como dice la patronal, no tiene nada que ver con el trabajo.<\/p>\n\n\n\n<p>Es sabido que este tipo de accidentes se producen en determinados trabajos y bajo determinadas condiciones. La presi\u00f3n laboral, el estr\u00e9s o los ritmos de trabajo son factores indispensables y en la mayor\u00eda de los casos, los m\u00e1s determinantes, junto con las condiciones de vida y trabajo.<\/p>\n\n\n\n<p>Los accidentes no traum\u00e1ticos, los infartos y los ictus se han convertido en la primera causa de accidentes laborales mortales. En lo que va de a\u00f1o 5 han sido los trabajadores fallecidos por esta misma causa.<\/p>\n\n\n\n<p>Tenemos claro que los accidentes laborales, tanto traum\u00e1ticos como no traum\u00e1ticos, no son fruto del azar o la casualidad, son el resultado de las relaciones laborales que se dan, de la precarizaci\u00f3n, la normativa laboral, la subcontrataci\u00f3n y del actual mercado de trabajo.<\/p>\n\n\n\n<p>En LAB tenemos claro que necesitamos vivir y trabajar dignamente y que tenemos derecho a volver sanos y sanas del trabajo. La \u00fanica manera de acabar con esta lacra individual, familiar y del conjunto de la sociedad es la lucha y la organizaci\u00f3n. Necesitamos un cambio de las relaciones laborales y de las reglas de juego, un nuevo modelo que priorice la vida y la salud de los trabajadores y trabajadoras por encima de todo lo dem\u00e1s.<\/p>\n","protected":false},"excerpt":{"rendered":"<p>Hemos tenido conocimiento de que, el lunes, un trabajador de la empresa Refrectarios Kelsen de Aduna sufri\u00f3 un infarto cuando se encontraba trabajando, falleciendo en el acto. Con este fallecimiento, son al menos las y los 21 trabajadoras y trabajadores muertos desde el comienzo de a\u00f1o en Euskal Herria.<\/p>\n","protected":false},"author":1189,"featured_media":25536,"comment_status":"closed","ping_status":"closed","sticky":false,"template":"","format":"standard","meta":{"_monsterinsights_skip_tracking":false,"_monsterinsights_sitenote_active":false,"_monsterinsights_sitenote_note":"","_monsterinsights_sitenote_category":0,"footnotes":"","_links_to":"","_links_to_target":""},"categories":[18,130,15,3283],"tags":[3178,3263,3083],"class_list":{"0":"post-34791","1":"post","2":"type-post","3":"status-publish","4":"format-standard","5":"has-post-thumbnail","7":"category-es-accion-sindical","8":"category-es-la-precariedad-mata-es-salud-laboral","9":"category-es-salud-laboral","10":"category-sin-categorizar","11":"tag-destacado-1","12":"tag-la-precariedad-mata-es-2","13":"tag-salud-laboral-es"},"_links":{"self":[{"href":"https:\/\/www.lab.eus\/es\/wp-json\/wp\/v2\/posts\/34791","targetHints":{"allow":["GET"]}}],"collection":[{"href":"https:\/\/www.lab.eus\/es\/wp-json\/wp\/v2\/posts"}],"about":[{"href":"https:\/\/www.lab.eus\/es\/wp-json\/wp\/v2\/types\/post"}],"author":[{"embeddable":true,"href":"https:\/\/www.lab.eus\/es\/wp-json\/wp\/v2\/users\/1189"}],"replies":[{"embeddable":true,"href":"https:\/\/www.lab.eus\/es\/wp-json\/wp\/v2\/comments?post=34791"}],"version-history":[{"count":0,"href":"https:\/\/www.lab.eus\/es\/wp-json\/wp\/v2\/posts\/34791\/revisions"}],"wp:featuredmedia":[{"embeddable":true,"href":"https:\/\/www.lab.eus\/es\/wp-json\/wp\/v2\/media\/25536"}],"wp:attachment":[{"href":"https:\/\/www.lab.eus\/es\/wp-json\/wp\/v2\/media?parent=34791"}],"wp:term":[{"taxonomy":"category","embeddable":true,"href":"https:\/\/www.lab.eus\/es\/wp-json\/wp\/v2\/categories?post=34791"},{"taxonomy":"post_tag","embeddable":true,"href":"https:\/\/www.lab.eus\/es\/wp-json\/wp\/v2\/tags?post=34791"}],"curies":[{"name":"wp","href":"https:\/\/api.w.org\/{rel}","templated":true}]}}