{"id":34774,"date":"2021-05-11T11:02:27","date_gmt":"2021-05-11T11:02:27","guid":{"rendered":"https:\/\/www.lab.eus\/?p=34774"},"modified":"2021-05-11T11:06:55","modified_gmt":"2021-05-11T11:06:55","slug":"nos-reuniremos-con-sindicatos-partidos-politicos-insituciones-y-patronal-para-dar-a-conocer-el-acuerdo-interprofesional-para-la-normalizacion-del-euskara-en-los-centros-de-trabajo","status":"publish","type":"post","link":"https:\/\/www.lab.eus\/es\/nos-reuniremos-con-sindicatos-partidos-politicos-insituciones-y-patronal-para-dar-a-conocer-el-acuerdo-interprofesional-para-la-normalizacion-del-euskara-en-los-centros-de-trabajo\/","title":{"rendered":"Nos reuniremos con sindicatos, partidos pol\u00edticos, instituciones y patronal para dar a conocer el acuerdo interprofesional para la normalizaci\u00f3n del euskara en los centros de trabajo"},"content":{"rendered":"\n<p>Tal y como se\u00f1al\u00f3 LAB en noviembre, junto a Kontseilua y ELA, solo un 1% de las empresas tiene en marcha una planificaci\u00f3n para la normalizaci\u00f3n del euskara en sus centros de trabajo. La conclusi\u00f3n es clara: el uso del euskara en los centros de trabajo es menor que en otros \u00e1mbitos de la sociedad, aunque la mayor\u00eda de la poblaci\u00f3n pase una gran parte de su tiempo en el lugar de trabajo. Asimismo, a pesar de que la mayor\u00eda de las y los j\u00f3venes que est\u00e1n trabajando en la actualidad son euskaldunes, no tienen la posibilidad de trabajar en euskara.<\/p>\n\n\n\n<p>LAB, Kontseilua y ELA consideramos que tambi\u00e9n en las empresas hay que dar pasos hacia la normalizaci\u00f3n del euskera. Es por eso que propusimos a las patronales la negociaci\u00f3n de dicha normalizaci\u00f3n en cada centro de trabajo y que para ello se firmara un acuerdo interprofesional.<\/p>\n\n\n\n<p>Tras hacer p\u00fablica en noviembre <a href=\"https:\/\/www.lab.eus\/eskatu-dugu-50-langiletik-gorako-enpresetan-euskara-planen-negoziaketa-hitzartu-dadila-lanbide-arteko-akordioetan\/\">la propuesta de negociaci\u00f3n de los Planes de Euskara<\/a> en todas las empresas de m\u00e1s de 50 trabajadoras y trabajadores y proponer a CEN y CONFEBASK la firma del acuerdo interprofesional, LAB, Kontseilua y ELA trasladaremos a partir de esta semana nuestra propuesta a los partidos pol\u00edticos, otros sindicatos, instituciones y a la propia patronal. A todos los agentes se les pedir\u00e1 la adhesi\u00f3n y apoyo a la propuesta para que entre todos y todas podamos dar pasos a favor del derecho a trabajar en euskara.<\/p>\n\n\n\n<p>En este sentido, este mi\u00e9rcoles nos reuniremos con CCOO, el viernes en el Parlamento de Gasteiz con PSE-EE, Elkarrekin Podemos y PNV, y la semana que viene con EH-Bildu.<\/p>\n","protected":false},"excerpt":{"rendered":"<p>LAB, Kontseilua y ELA les trasladaremos a partir de esta semana nuestra propuesta y les pediremos su adhesi\u00f3n y apoyo para que entre todos y todas podamos dar pasos a favor del derecho a trabajar en euskara.<\/p>\n","protected":false},"author":1189,"featured_media":29002,"comment_status":"closed","ping_status":"closed","sticky":false,"template":"","format":"standard","meta":{"_monsterinsights_skip_tracking":false,"_monsterinsights_sitenote_active":false,"_monsterinsights_sitenote_note":"","_monsterinsights_sitenote_category":0,"footnotes":"","_links_to":"","_links_to_target":""},"categories":[18,3280,3283],"tags":[3033,3178,3192],"class_list":{"0":"post-34774","1":"post","2":"type-post","3":"status-publish","4":"format-standard","5":"has-post-thumbnail","7":"category-es-accion-sindical","8":"category-secretaria-de-euskara","9":"category-sin-categorizar","10":"tag-accion-sindical-es","11":"tag-destacado-1","12":"tag-euskara-es"},"_links":{"self":[{"href":"https:\/\/www.lab.eus\/es\/wp-json\/wp\/v2\/posts\/34774","targetHints":{"allow":["GET"]}}],"collection":[{"href":"https:\/\/www.lab.eus\/es\/wp-json\/wp\/v2\/posts"}],"about":[{"href":"https:\/\/www.lab.eus\/es\/wp-json\/wp\/v2\/types\/post"}],"author":[{"embeddable":true,"href":"https:\/\/www.lab.eus\/es\/wp-json\/wp\/v2\/users\/1189"}],"replies":[{"embeddable":true,"href":"https:\/\/www.lab.eus\/es\/wp-json\/wp\/v2\/comments?post=34774"}],"version-history":[{"count":0,"href":"https:\/\/www.lab.eus\/es\/wp-json\/wp\/v2\/posts\/34774\/revisions"}],"wp:featuredmedia":[{"embeddable":true,"href":"https:\/\/www.lab.eus\/es\/wp-json\/wp\/v2\/media\/29002"}],"wp:attachment":[{"href":"https:\/\/www.lab.eus\/es\/wp-json\/wp\/v2\/media?parent=34774"}],"wp:term":[{"taxonomy":"category","embeddable":true,"href":"https:\/\/www.lab.eus\/es\/wp-json\/wp\/v2\/categories?post=34774"},{"taxonomy":"post_tag","embeddable":true,"href":"https:\/\/www.lab.eus\/es\/wp-json\/wp\/v2\/tags?post=34774"}],"curies":[{"name":"wp","href":"https:\/\/api.w.org\/{rel}","templated":true}]}}