{"id":34766,"date":"2021-05-11T10:28:51","date_gmt":"2021-05-11T10:28:51","guid":{"rendered":"https:\/\/www.lab.eus\/?p=34766"},"modified":"2021-05-11T10:28:53","modified_gmt":"2021-05-11T10:28:53","slug":"nos-hemos-movilizado-ante-la-diputacion-foral-de-bizkaia-por-la-readmision-de-25-limpiadoras-y-para-que-no-se-financien-despidos-con-dinero-publico","status":"publish","type":"post","link":"https:\/\/www.lab.eus\/es\/nos-hemos-movilizado-ante-la-diputacion-foral-de-bizkaia-por-la-readmision-de-25-limpiadoras-y-para-que-no-se-financien-despidos-con-dinero-publico\/","title":{"rendered":"Nos hemos movilizado ante la Diputaci\u00f3n Foral de Bizkaia por la readmisi\u00f3n de 25 limpiadoras y para que no se financien despidos con dinero p\u00fablico"},"content":{"rendered":"\n<p>El pasado mes de noviembre, el sindicato LAB denunci\u00f3 el despido de 25 trabajadoras en la contrata de limpieza de la Diputaci\u00f3n Foral de Bizkaia. Aprovechando un cambio de adjudicataria en el servicio, que pasaba de ofrecerlo Garbialdia hacerlo una nueva empresa: Optima, 25 trabajadoras fueron dadas de baja en la Seguridad Social, a pesar de que se cumpl\u00edan todos los requisitos para la subrogaci\u00f3n.<\/p>\n\n\n\n<p>Estas trabajadoras llevaban varios meses trabajando como refuerzo Covid en las distintas oficinas y edificios de la Diputaci\u00f3n Foral, realizando labores de limpieza y de desinfecci\u00f3n. La mayor\u00eda llevaba adem\u00e1s, varios a\u00f1os trabajando en estos centros, concatenando distintos contratos bien para sustituir bajas temporales o cubrir vacaciones.<\/p>\n\n\n\n<p>Nos movilizamos en la calle a la par que presentamos sendas demandas por despido en los juzgados. Las sentencias est\u00e1n siendo favorables para las trabajadoras. Ten\u00edamos raz\u00f3n cu\u00e1ndo denunci\u00e1bamos que nuestras compa\u00f1eras ten\u00edan que haber sido subrogadas y que lo que en noviembre presenciamos fue un despido. Un despido sin igual en lo que respecta al servicio de limpieza de la Diputaci\u00f3n Foral de Bizkaia.<\/p>\n\n\n\n<p>Hoy, frente al Palacio Foral, nos hemos movilizado para dar a conocer estos hechos, pero tambi\u00e9n para anunciar que la batalla no ha acabado aqu\u00ed. La sentencia reconoce la improcedencia en el despido de las trabajadoras, pero da a elegir a la empresa Optima entre la readmisi\u00f3n o el abono de la indemnizaci\u00f3n por despido. Y la empresa est\u00e1 optando por la segunda. Es decir, est\u00e1 utilizando el dinero p\u00fablico que la Diputaci\u00f3n Foral de Bizkaia le est\u00e1 abonando por la prestaci\u00f3n del servicio para financiar despidos. Despidos improcedentes. Se est\u00e1 utilizando el dinero de nosotros y nosotras los y las contribuyentes para destruir empleo.<\/p>\n\n\n\n<p>La semana pasada pusimos en conocimiento de la Diputaci\u00f3n Foral de Bizkaia estos hechos y le pedimos que como cliente exigiese a la contrata la readmisi\u00f3n de todas nuestras compa\u00f1eras despedidas en noviembre. No hemos obtenido respuesta. Desde LAB volvemos a insistir, a Optima, a la Diputaci\u00f3n: queremos la readmisi\u00f3n de todas nuestras compa\u00f1eras de limpieza. Las queremos en los centros trabajando con nosotras. Basta de ejecutar despidos con dinero p\u00fablico.<\/p>\n","protected":false},"excerpt":{"rendered":"<p>Una sentencia reconoce la improcedencia en el despido de las trabajadoras, pero da la posibilidad a la empresa Optima a que abone la indemnizaci\u00f3n por despido. <\/p>\n","protected":false},"author":1189,"featured_media":34763,"comment_status":"closed","ping_status":"closed","sticky":false,"template":"","format":"standard","meta":{"_monsterinsights_skip_tracking":false,"_monsterinsights_sitenote_active":false,"_monsterinsights_sitenote_note":"","_monsterinsights_sitenote_category":0,"footnotes":"","_links_to":"","_links_to_target":""},"categories":[18,2944,8,3283],"tags":[3178,3172],"class_list":{"0":"post-34766","1":"post","2":"type-post","3":"status-publish","4":"format-standard","5":"has-post-thumbnail","7":"category-es-accion-sindical","8":"category-limpieza","9":"category-es-servicios-privados","10":"category-sin-categorizar","11":"tag-destacado-1","12":"tag-servicios-privados-es"},"_links":{"self":[{"href":"https:\/\/www.lab.eus\/es\/wp-json\/wp\/v2\/posts\/34766","targetHints":{"allow":["GET"]}}],"collection":[{"href":"https:\/\/www.lab.eus\/es\/wp-json\/wp\/v2\/posts"}],"about":[{"href":"https:\/\/www.lab.eus\/es\/wp-json\/wp\/v2\/types\/post"}],"author":[{"embeddable":true,"href":"https:\/\/www.lab.eus\/es\/wp-json\/wp\/v2\/users\/1189"}],"replies":[{"embeddable":true,"href":"https:\/\/www.lab.eus\/es\/wp-json\/wp\/v2\/comments?post=34766"}],"version-history":[{"count":0,"href":"https:\/\/www.lab.eus\/es\/wp-json\/wp\/v2\/posts\/34766\/revisions"}],"wp:featuredmedia":[{"embeddable":true,"href":"https:\/\/www.lab.eus\/es\/wp-json\/wp\/v2\/media\/34763"}],"wp:attachment":[{"href":"https:\/\/www.lab.eus\/es\/wp-json\/wp\/v2\/media?parent=34766"}],"wp:term":[{"taxonomy":"category","embeddable":true,"href":"https:\/\/www.lab.eus\/es\/wp-json\/wp\/v2\/categories?post=34766"},{"taxonomy":"post_tag","embeddable":true,"href":"https:\/\/www.lab.eus\/es\/wp-json\/wp\/v2\/tags?post=34766"}],"curies":[{"name":"wp","href":"https:\/\/api.w.org\/{rel}","templated":true}]}}