{"id":34760,"date":"2021-05-11T10:06:41","date_gmt":"2021-05-11T10:06:41","guid":{"rendered":"https:\/\/www.lab.eus\/?p=34760"},"modified":"2021-05-11T10:07:50","modified_gmt":"2021-05-11T10:07:50","slug":"el-ayuntamiento-de-gasteiz-vuelve-a-olvidarse-de-las-personas-trabajadoras-de-las-subcontratas","status":"publish","type":"post","link":"https:\/\/www.lab.eus\/es\/el-ayuntamiento-de-gasteiz-vuelve-a-olvidarse-de-las-personas-trabajadoras-de-las-subcontratas\/","title":{"rendered":"El Ayuntamiento de Gasteiz vuelve a olvidarse de las personas trabajadoras de las subcontratas"},"content":{"rendered":"\n<p>La cesi\u00f3n del front\u00f3n de Lakua03 por parte del Ayuntamiento de Gasteiz a Osakidetza para realizar la vacunaci\u00f3n empuja al paro a las personas trabajadoras del servicio del control y limpieza del mencionado front\u00f3n.<\/p>\n\n\n\n<p>El pasado mes de abril el Ayuntamiento de Gasteiz cedi\u00f3 el front\u00f3n de Lakua03 al Servicio Vasco de Salud para habilitarlo como \u201cvacun\u00f3dromo\u201d, punto de referencia de la campa\u00f1a de vacunaci\u00f3n contra el Covid-19 en Araba. De esta forma Osakidetza ha pasado a gestionar toda la instalaci\u00f3n.<\/p>\n\n\n\n<p>Este hecho ha supuesto que la empresa concesionaria del servicio del control y limpieza del front\u00f3n, Disport Eki, haya aplicado un ERTE a los y las cancheras que trabajan en la instalaci\u00f3n. Tres personas que, sin comerlo ni beberlo, se ven abocadas al paro durante un m\u00ednimo de 6 meses. Estamos hablando adem\u00e1s de unas personas con unos salarios bajos, un factor de consolidaci\u00f3n de la precariedad.<\/p>\n\n\n\n<p>Una vez m\u00e1s vemos c\u00f3mo la principal instituci\u00f3n municipal vuelve a olvidarse de las personas trabajadoras de las subcontratas del Ayuntamiento. Una vez m\u00e1s, observamos c\u00f3mo una administraci\u00f3n deja tiradas a trabajadoras y trabajadores.<\/p>\n\n\n\n<p>\u00bfAlguien ha pensado con antelaci\u00f3n en las consecuencias que acarrear\u00eda a estas personas la cesi\u00f3n de la instalaci\u00f3n a Osakidetza?&nbsp;\u00bfPor qu\u00e9 ning\u00fan responsable del Ayuntamiento se puso en contacto con las personas trabajadoras o con la empresa concesionaria del servicio para preocuparse de las repercusiones que pudiera tener la cesi\u00f3n de la instalaci\u00f3n?\u00bfTan dif\u00edcil hubiera sido haber mantenido a estas tres personas trabajando en la instalaci\u00f3n, haciendo gran parte de las labores que ya ven\u00edan realizando, como son la apertura y cierre de la instalaci\u00f3n, el control de acceso o la limpieza de \u00e9sta?<\/p>\n\n\n\n<p>Es por ello que, desde el sindicato LAB, queremos denunciar la carencia de planificaci\u00f3n y la improvisaci\u00f3n con la que actua el Ayuntamiento de Gasteiz, as\u00ed&nbsp;como la desprotecci\u00f3n a la que aboca una vez m\u00e1s al personal de las subcontratas de un servicio p\u00fablico.<\/p>\n","protected":false},"excerpt":{"rendered":"<p>La cesi\u00f3n del front\u00f3n de Lakua03 por parte del Ayuntamiento de Gasteiz a Osakidetza para realizar la vacunaci\u00f3n empuja al paro a las personas trabajadoras del servicio del control y limpieza del mencionado front\u00f3n.<\/p>\n","protected":false},"author":1189,"featured_media":32405,"comment_status":"closed","ping_status":"closed","sticky":false,"template":"","format":"standard","meta":{"_monsterinsights_skip_tracking":false,"_monsterinsights_sitenote_active":false,"_monsterinsights_sitenote_note":"","_monsterinsights_sitenote_category":0,"footnotes":"","_links_to":"","_links_to_target":""},"categories":[3108,2944,3126,3097,8,6,3283],"tags":[3178,3172,3171],"class_list":{"0":"post-34760","1":"post","2":"type-post","3":"status-publish","4":"format-standard","5":"has-post-thumbnail","7":"category-administracion-municipal-y-foral","8":"category-limpieza","9":"category-sanidad-es","10":"category-sanidad","11":"category-es-servicios-privados","12":"category-es-servicios-publicos","13":"category-sin-categorizar","14":"tag-destacado-1","15":"tag-servicios-privados-es","16":"tag-servicios-publicos-es"},"_links":{"self":[{"href":"https:\/\/www.lab.eus\/es\/wp-json\/wp\/v2\/posts\/34760","targetHints":{"allow":["GET"]}}],"collection":[{"href":"https:\/\/www.lab.eus\/es\/wp-json\/wp\/v2\/posts"}],"about":[{"href":"https:\/\/www.lab.eus\/es\/wp-json\/wp\/v2\/types\/post"}],"author":[{"embeddable":true,"href":"https:\/\/www.lab.eus\/es\/wp-json\/wp\/v2\/users\/1189"}],"replies":[{"embeddable":true,"href":"https:\/\/www.lab.eus\/es\/wp-json\/wp\/v2\/comments?post=34760"}],"version-history":[{"count":0,"href":"https:\/\/www.lab.eus\/es\/wp-json\/wp\/v2\/posts\/34760\/revisions"}],"wp:featuredmedia":[{"embeddable":true,"href":"https:\/\/www.lab.eus\/es\/wp-json\/wp\/v2\/media\/32405"}],"wp:attachment":[{"href":"https:\/\/www.lab.eus\/es\/wp-json\/wp\/v2\/media?parent=34760"}],"wp:term":[{"taxonomy":"category","embeddable":true,"href":"https:\/\/www.lab.eus\/es\/wp-json\/wp\/v2\/categories?post=34760"},{"taxonomy":"post_tag","embeddable":true,"href":"https:\/\/www.lab.eus\/es\/wp-json\/wp\/v2\/tags?post=34760"}],"curies":[{"name":"wp","href":"https:\/\/api.w.org\/{rel}","templated":true}]}}