{"id":34610,"date":"2021-05-06T09:57:12","date_gmt":"2021-05-06T09:57:12","guid":{"rendered":"https:\/\/www.lab.eus\/?p=34610"},"modified":"2021-05-06T10:24:05","modified_gmt":"2021-05-06T10:24:05","slug":"trabajaremos-por-un-convenio-que-responda-a-las-necesidades-del-personal-de-cocina-y-limpieza-del-departamento-de-educacion-de-la-cav","status":"publish","type":"post","link":"https:\/\/www.lab.eus\/es\/trabajaremos-por-un-convenio-que-responda-a-las-necesidades-del-personal-de-cocina-y-limpieza-del-departamento-de-educacion-de-la-cav\/","title":{"rendered":"Trabajaremos por un convenio que responda a las necesidades del personal de cocina y limpieza del Departamento de Educaci\u00f3n de la CAV"},"content":{"rendered":"\n<p>Hemos llevado a cabo una concentraci\u00f3n en las delegaciones del Gobierno de la CAV en Bilbo y Donostia para exigir que se tome con seriedad&nbsp;&nbsp;la negociaci\u00f3n del convenio laboral del colectivo de cocina&nbsp;&nbsp;y limpieza&nbsp;&nbsp;del departamento de Educaci\u00f3n. El convenio actualmente en vigor es del a\u00f1o 2009. Desde entonces la realidad de los centros escolares ha cambiado radicalmente y necesitamos un convenio que se ajuste a la situaci\u00f3n actual.<\/p>\n\n\n\n<p>&nbsp;El de cocina y limpieza es el colectivo que se encuentra en la categor\u00eda m\u00e1s baja de la administraci\u00f3n p\u00fablica, mientras que en otros \u00e1mbitos estos colectivos, incluso con las mismas funciones, est\u00e1n situados en otras categor\u00edas.<\/p>\n\n\n\n<p>En 2018, tras una larga din\u00e1mica de huelgas y movilizaciones junto con los dem\u00e1s colectivos de Educaci\u00f3n, se firm\u00f3 un acuerdo en el que se lograron avances significativos para el colectivo y se puso la base para la negociaci\u00f3n del nuevo convenio. A\u00fan as\u00ed tenemos que denunciar que, entre otros, no se est\u00e1 cumpliendo el punto del acuerdo que se refiere a las sustituciones, ya que \u00e9stas no se est\u00e1n cubriendo.<\/p>\n\n\n\n<p>Este curso se ha iniciado la negociaci\u00f3n de los nuevos convenios laborales en la educaci\u00f3n p\u00fablica, los de personal docente, especialistas de apoyo educativo y del Consorcio Haurreskolak. Despu\u00e9s de reiteradas peticiones, nos han convocado a una mesa el pr\u00f3ximo lunes, d\u00eda 10. Somos las \u00faltimas. \u00a1No es casualidad!, somos el Colectivo m\u00e1s feminizado, con una media de edad muy alta; somos un servicio esencial en tiempos de pandemia y el&nbsp;\u00fanico colectivo con unos servicios m\u00ednimos excesivos del 100% en d\u00edas de huelga. \u00bfAcaso el Departamento de Educaci\u00f3n tiene como objetivo profundizar en la privatizaci\u00f3n del colectivo de&nbsp;servicios?<\/p>\n\n\n\n<figure class=\"wp-block-image size-large\"><img loading=\"lazy\" decoding=\"async\" width=\"1024\" height=\"600\" src=\"https:\/\/www.lab.eus\/wp-content\/uploads\/2021\/05\/Jangelak2-1024x600.jpeg\" alt=\"\" class=\"wp-image-34633\" srcset=\"https:\/\/www.lab.eus\/wp-content\/uploads\/2021\/05\/Jangelak2-1024x600.jpeg 1024w, https:\/\/www.lab.eus\/wp-content\/uploads\/2021\/05\/Jangelak2-300x176.jpeg 300w, https:\/\/www.lab.eus\/wp-content\/uploads\/2021\/05\/Jangelak2-768x450.jpeg 768w, https:\/\/www.lab.eus\/wp-content\/uploads\/2021\/05\/Jangelak2-1536x899.jpeg 1536w, https:\/\/www.lab.eus\/wp-content\/uploads\/2021\/05\/Jangelak2-150x88.jpeg 150w, https:\/\/www.lab.eus\/wp-content\/uploads\/2021\/05\/Jangelak2-696x407.jpeg 696w, https:\/\/www.lab.eus\/wp-content\/uploads\/2021\/05\/Jangelak2-1068x625.jpeg 1068w, https:\/\/www.lab.eus\/wp-content\/uploads\/2021\/05\/Jangelak2-1920x1124.jpeg 1920w, https:\/\/www.lab.eus\/wp-content\/uploads\/2021\/05\/Jangelak2-717x420.jpeg 717w, https:\/\/www.lab.eus\/wp-content\/uploads\/2021\/05\/Jangelak2.jpeg 2048w\" sizes=\"auto, (max-width: 1024px) 100vw, 1024px\" \/><\/figure>\n\n\n\n<p>LAB tiene claro que necesitamos un nuevo convenio laboral, y que hay que trabajar y negociar los temas que venimos reivindicando durante a\u00f1os; entre otros:<\/p>\n\n\n\n<p>\u2022 Reconocimiento de estos colectivos<\/p>\n\n\n\n<p>\u2022 Acabar con la privatizaci\u00f3n de estos servicios que se ha dado durante a\u00f1os<\/p>\n\n\n\n<p>\u2022  Estabilidad del&nbsp;&nbsp;personal y proceso de consolidaci\u00f3n<\/p>\n\n\n\n<p>\u2022 Definici\u00f3n y reconocimiento de las funciones de estos colectivos<\/p>\n\n\n\n<p>\u2022 Reducci\u00f3n de metrajes en limpieza y ratios en cocina<\/p>\n\n\n\n<p>\u2022 Impulso de&nbsp;&nbsp;incentivos a la jubilaci\u00f3n.<\/p>\n\n\n\n<p>\u2022 Formaci\u00f3n del personal y euskaldunizaci\u00f3n del colectivo<\/p>\n\n\n\n<p>\u2022 Valoraciones de puestos de trabajo, evitar enfermedades y accidentes, y adecuaci\u00f3n de puestos de trabajo.<\/p>\n\n\n\n<figure class=\"wp-block-image size-large\"><img loading=\"lazy\" decoding=\"async\" width=\"1024\" height=\"768\" src=\"https:\/\/www.lab.eus\/wp-content\/uploads\/2021\/05\/Donostia.jpeg\" alt=\"\" class=\"wp-image-34639\" srcset=\"https:\/\/www.lab.eus\/wp-content\/uploads\/2021\/05\/Donostia.jpeg 1024w, https:\/\/www.lab.eus\/wp-content\/uploads\/2021\/05\/Donostia-300x225.jpeg 300w, https:\/\/www.lab.eus\/wp-content\/uploads\/2021\/05\/Donostia-768x576.jpeg 768w, https:\/\/www.lab.eus\/wp-content\/uploads\/2021\/05\/Donostia-150x113.jpeg 150w, https:\/\/www.lab.eus\/wp-content\/uploads\/2021\/05\/Donostia-696x522.jpeg 696w, https:\/\/www.lab.eus\/wp-content\/uploads\/2021\/05\/Donostia-560x420.jpeg 560w, https:\/\/www.lab.eus\/wp-content\/uploads\/2021\/05\/Donostia-80x60.jpeg 80w, https:\/\/www.lab.eus\/wp-content\/uploads\/2021\/05\/Donostia-265x198.jpeg 265w\" sizes=\"auto, (max-width: 1024px) 100vw, 1024px\" \/><\/figure>\n\n\n\n<p>Por todo ello, el sindicato LAB&nbsp;&nbsp;trabajar\u00e1 para conseguir un convenio colectivo digno adecuado a las necesidades del colectivo, recogiendo las aportaciones de las trabajadoras y llev\u00e1ndolas a las mesas de negociaci\u00f3n.<\/p>\n","protected":false},"excerpt":{"rendered":"<p>Hemos llevado a cabo una concentraci\u00f3n en las delegaciones del Gobierno de la CAV en Bilbo y Donostia para exigir que se tome con seriedad  la negociaci\u00f3n del convenio laboral del colectivo de cocina  y limpieza  del departamento de Educaci\u00f3n. El convenio actualmente en vigor es del a\u00f1o 2009.<\/p>\n","protected":false},"author":1189,"featured_media":34630,"comment_status":"closed","ping_status":"closed","sticky":false,"template":"","format":"standard","meta":{"_monsterinsights_skip_tracking":false,"_monsterinsights_sitenote_active":false,"_monsterinsights_sitenote_note":"","_monsterinsights_sitenote_category":0,"footnotes":"","_links_to":"","_links_to_target":""},"categories":[18,3058,33,6],"tags":[3033,3178,3194,3171],"class_list":{"0":"post-34610","1":"post","2":"type-post","3":"status-publish","4":"format-standard","5":"has-post-thumbnail","7":"category-es-accion-sindical","8":"category-cocinas-y-limpieza","9":"category-es-ensenanza","10":"category-es-servicios-publicos","11":"tag-accion-sindical-es","12":"tag-destacado-1","13":"tag-ensenanza-es","14":"tag-servicios-publicos-es"},"_links":{"self":[{"href":"https:\/\/www.lab.eus\/es\/wp-json\/wp\/v2\/posts\/34610","targetHints":{"allow":["GET"]}}],"collection":[{"href":"https:\/\/www.lab.eus\/es\/wp-json\/wp\/v2\/posts"}],"about":[{"href":"https:\/\/www.lab.eus\/es\/wp-json\/wp\/v2\/types\/post"}],"author":[{"embeddable":true,"href":"https:\/\/www.lab.eus\/es\/wp-json\/wp\/v2\/users\/1189"}],"replies":[{"embeddable":true,"href":"https:\/\/www.lab.eus\/es\/wp-json\/wp\/v2\/comments?post=34610"}],"version-history":[{"count":0,"href":"https:\/\/www.lab.eus\/es\/wp-json\/wp\/v2\/posts\/34610\/revisions"}],"wp:featuredmedia":[{"embeddable":true,"href":"https:\/\/www.lab.eus\/es\/wp-json\/wp\/v2\/media\/34630"}],"wp:attachment":[{"href":"https:\/\/www.lab.eus\/es\/wp-json\/wp\/v2\/media?parent=34610"}],"wp:term":[{"taxonomy":"category","embeddable":true,"href":"https:\/\/www.lab.eus\/es\/wp-json\/wp\/v2\/categories?post=34610"},{"taxonomy":"post_tag","embeddable":true,"href":"https:\/\/www.lab.eus\/es\/wp-json\/wp\/v2\/tags?post=34610"}],"curies":[{"name":"wp","href":"https:\/\/api.w.org\/{rel}","templated":true}]}}