{"id":3446,"date":"2014-06-09T07:29:47","date_gmt":"2014-06-09T07:29:47","guid":{"rendered":"https:\/\/www.lab.eus\/la-defensa-del-derecho-a-decidir-frente-a-la-imposicion-de-la-monarquia-reune-a-miles-de-personas-en-irunea\/"},"modified":"2014-06-09T07:29:47","modified_gmt":"2014-06-09T07:29:47","slug":"la-defensa-del-derecho-a-decidir-frente-a-la-imposicion-de-la-monarquia-reune-a-miles-de-personas-en-irunea","status":"publish","type":"post","link":"https:\/\/www.lab.eus\/es\/la-defensa-del-derecho-a-decidir-frente-a-la-imposicion-de-la-monarquia-reune-a-miles-de-personas-en-irunea\/","title":{"rendered":"La defensa del derecho a decidir frente a la imposici\u00f3n de la monarqu\u00eda re\u00fane a miles de personas en Iru\u00f1ea"},"content":{"rendered":"<p> <iframe loading=\"lazy\" width=\"550\" height=\"309\" src=\"\/\/www.youtube.com\/embed\/95naKb7KgFw\" frameborder=\"0\" allowfullscreen=\"\"><\/iframe><\/p>\n<p> <input type=\"image\" src=\"http:\/\/www.labsindikatua.org\/materiala\/argazkiak\/euskalHerria\/burujabetza\/14_06_09erabakitzekoEskubideaIrunea\/ahotsa.png\" width=\"44\" height=\"12\" \/>&nbsp;<em><span style=\"font-size: small; \">Alrededor de 15.000 manifestantes, seg&uacute;n los organizadores, han recorrido las calles de Iru&ntilde;ea entre gritos republicano e independentistas.<br \/> <\/span><\/em><\/p>\n<p> <\/p>\n<div style=\"padding-right:15px;width:345px; float:left; border-right-style:solid; border-right-width:1px; border-right-color:#dddddd\">La convocatoria, impulsada por fuerzas pol&iacute;ticas y sindicales y numerosas organizaciones sociales de Nafarroa, ha sido de una gran pluralidad, y ejemplo de ello han sido los lemas coreados durante la marcha. Gritos contra los Bornones, en favor  de una tercera rep&uacute;blica, se han mezclado con otros a favor del derecho a decidir o de la independencia de Euskal Herria. En los que unos y otros s&iacute; han coincidido es en mostrar su rechazo al relevo en la corona espa&ntilde;ola, con gritos de &quot;monarkiari ez&quot;.<\/p>\n<p> La manifestaci&oacute;n, que ha recorrido el centro de la ciudad, ha finalizado en el paruqe de Antoniutti, donde se ha leido el comunicado final. En el manifiesto acordado por las organizaciones convocantes, se ha hecho un llamamiento a la sociedad a seguir moviliz&aacute;ndose  contra la monarqu&iacute; y el derecho a decidir de la ciudadan&iacute;a y de los pueblos del Estado espa&ntilde;ol.<\/p>\n<p> &nbsp;<\/p><\/div>\n<div style=\"width:180px; float:left; padding-left:15px;\">\n<div style=\"text-align: center; \"><a href=\"\/rssak\"><input type=\"image\" src=\"\/materiala\/argazkiak\/feed.png\" alt=\"RSSak\" width=\"30\" height=\"30\" longdesc=\"undefined\" \/><\/a><a target=\"_blank\" href=\"http:\/\/www.facebook.com\/pages\/LAB-sindikatua\/292846207397345\" rel=\"noopener noreferrer\"><input type=\"image\" src=\"\/modules\/mod_socialmediacloud\/icons\/facebook.png\" alt=\"LAB Facebooken\" width=\"30\" height=\"30\" longdesc=\"undefined\" \/><\/a><a target=\"_blank\" href=\"http:\/\/issuu.com\/lab_argitalpenak\" rel=\"noopener noreferrer\"><input type=\"image\" src=\"\/modules\/mod_socialmediacloud\/icons\/issuu.png\" width=\"30\" height=\"30\" longdesc=\"undefined\" \/><\/a><a target=\"_blank\" href=\"http:\/\/es.scribd.com\/LABsindikatua\" rel=\"noopener noreferrer\"><input type=\"image\" src=\"\/modules\/mod_socialmediacloud\/icons\/scribd.png\" width=\"30\" height=\"30\" longdesc=\"undefined\" \/><br \/> <\/a><\/div>\n<div style=\"text-align: center; \"><a target=\"_blank\" href=\"http:\/\/twitter.com\/LABsindikatua\" rel=\"noopener noreferrer\"><input type=\"image\" src=\"\/modules\/mod_socialmediacloud\/icons\/twitter.png\" width=\"30\" height=\"30\" longdesc=\"undefined\" \/><\/a><a target=\"_blank\" href=\"http:\/\/www.youtube.com\/user\/labsindikatua\" rel=\"noopener noreferrer\"><input type=\"image\" src=\"\/modules\/mod_socialmediacloud\/icons\/youtube.png\" width=\"30\" height=\"30\" longdesc=\"undefined\" \/><\/a><a target=\"_blank\" href=\"http:\/\/www.flickr.com\/photos\/lab-sindikatua\/\" rel=\"noopener noreferrer\"><input type=\"image\" src=\"\/modules\/mod_socialmediacloud\/icons\/flickr.png\" width=\"30\" height=\"30\" longdesc=\"undefined\" \/><\/a><a href=\"http:\/\/www.labsindikatua.org\/eu\/hasiera\/upload\"><input type=\"image\" src=\"\/modules\/mod_socialmediacloud\/icons\/igo.png\" width=\"30\" height=\"30\" longdesc=\"undefined\" \/><\/a><\/div>\n<p> &nbsp;<\/p><\/div>\n<div>&nbsp;<\/div>\n<p><\/p>\n","protected":false},"excerpt":{"rendered":"<p>&nbsp;Alrededor de 15.000 manifestantes, seg&uacute;n los organizadores, han recorrido las calles de Iru&ntilde;ea entre gritos republicano e independentistas. La convocatoria, impulsada por fuerzas pol&iacute;ticas y sindicales y numerosas organizaciones sociales de Nafarroa, ha sido de una gran pluralidad, y ejemplo de ello han sido los lemas coreados durante la marcha. Gritos contra los Bornones, en [&hellip;]<\/p>\n","protected":false},"author":1,"featured_media":12151,"comment_status":"open","ping_status":"open","sticky":false,"template":"","format":"standard","meta":{"_monsterinsights_skip_tracking":false,"_monsterinsights_sitenote_active":false,"_monsterinsights_sitenote_note":"","_monsterinsights_sitenote_category":0,"footnotes":"","_links_to":"","_links_to_target":""},"categories":[272],"tags":[1423,1424,1353,1238,602,574],"class_list":{"0":"post-3446","1":"post","2":"type-post","3":"status-publish","4":"format-standard","5":"has-post-thumbnail","7":"category-herriak-du-hitza-eta-erabakia","8":"tag-erabakitzeko-eskubidea","9":"tag-euskal-errepublika","10":"tag-euskal-herria","11":"tag-ezker","12":"tag-independentzia","13":"tag-nafarroa"},"_links":{"self":[{"href":"https:\/\/www.lab.eus\/es\/wp-json\/wp\/v2\/posts\/3446","targetHints":{"allow":["GET"]}}],"collection":[{"href":"https:\/\/www.lab.eus\/es\/wp-json\/wp\/v2\/posts"}],"about":[{"href":"https:\/\/www.lab.eus\/es\/wp-json\/wp\/v2\/types\/post"}],"author":[{"embeddable":true,"href":"https:\/\/www.lab.eus\/es\/wp-json\/wp\/v2\/users\/1"}],"replies":[{"embeddable":true,"href":"https:\/\/www.lab.eus\/es\/wp-json\/wp\/v2\/comments?post=3446"}],"version-history":[{"count":0,"href":"https:\/\/www.lab.eus\/es\/wp-json\/wp\/v2\/posts\/3446\/revisions"}],"wp:featuredmedia":[{"embeddable":true,"href":"https:\/\/www.lab.eus\/es\/wp-json\/wp\/v2\/media\/12151"}],"wp:attachment":[{"href":"https:\/\/www.lab.eus\/es\/wp-json\/wp\/v2\/media?parent=3446"}],"wp:term":[{"taxonomy":"category","embeddable":true,"href":"https:\/\/www.lab.eus\/es\/wp-json\/wp\/v2\/categories?post=3446"},{"taxonomy":"post_tag","embeddable":true,"href":"https:\/\/www.lab.eus\/es\/wp-json\/wp\/v2\/tags?post=3446"}],"curies":[{"name":"wp","href":"https:\/\/api.w.org\/{rel}","templated":true}]}}