{"id":32777,"date":"2021-04-06T23:14:00","date_gmt":"2021-04-06T23:14:00","guid":{"rendered":"https:\/\/www.lab.eus\/?p=32777"},"modified":"2021-04-07T10:10:14","modified_gmt":"2021-04-07T10:10:14","slug":"el-impacto-de-la-pandemia-deja-21-300-personas-mas-en-paro-y-otras-35-000-en-erte-en-hego-euskal-herria","status":"publish","type":"post","link":"https:\/\/www.lab.eus\/es\/el-impacto-de-la-pandemia-deja-21-300-personas-mas-en-paro-y-otras-35-000-en-erte-en-hego-euskal-herria\/","title":{"rendered":"El impacto de la pandemia deja 21.300 personas m\u00e1s en paro y otras 35.000 en ERTE en Hego Euskal Herria"},"content":{"rendered":"\n<p>A un a\u00f1o vista desde el inicio de la crisis provocada por la expansi\u00f3n del covid el balance de su impacto en el mercado laboral es devastador. En comparaci\u00f3n con la situaci\u00f3n previa a la pandemia (finales de febrero del a\u00f1o pasado) el paro registrado en las oficinas p\u00fablicas de empleo ha aumentado en 21.294 personas. De forma que, actualmente, la cifra oficial de desempleo se sit\u00faa en 172.508 personas, de las que el 57% son mujeres.<\/p>\n\n\n\n<p>Los datos de afiliaci\u00f3n a la Seguridad Social tambi\u00e9n reflejan que la destrucci\u00f3n de empleo ha alcanzado un magnitud sin precedentes. No obstante, la utilizaci\u00f3n masiva de los ERTE ha evitado una cat\u00e1strofe mucho mayor.<\/p>\n\n\n\n<p>De hecho, a finales de marzo hab\u00eda 19.386 trabajadoras y 15.610 trabajadores afectados por un ERTE, cuyos ingresos salariales se han reducido considerablemente. Asimismo, hay otras 13.822 personas pertenecientes al r\u00e9gimen de aut\u00f3nomos que han visto reconocida alguna de las prestaciones destinadas a paliar la dif\u00edcil situaci\u00f3n que atraviesa este colectivo.<\/p>\n\n\n\n<p>En todo caso, es importante poner de relieve que las personas y colectivos que ya part\u00edan de una posici\u00f3n m\u00e1s vulnerable son quienes est\u00e1n sufriendo las peores consecuencias.<\/p>\n\n\n\n<p>En este sentido destaca el duro golpe que ha recibido la juventud, el sector social m\u00e1s castigado desde el punto de vista laboral. Concretamente, desde el inicio de la epidemia el paro registrado entre j\u00f3venes menores de 35 a\u00f1os se ha disparado un 37%.<\/p>\n\n\n\n<p>A los problemas estructurales del mercado laboral, como son la elevada tasa de paro juvenil y los niveles de temporalidad m\u00e1s elevados de Europa, se suma ahora la ca\u00edda de la contrataci\u00f3n y la falta de oportunidades laborales por los efectos de la pandemia.<\/p>\n\n\n\n<p>Sin duda, la vacuna es la mejor herramienta contra la pandemia y contra las nefastas consecuencias que ha tra\u00eddo. Pero el ritmo de vacunaci\u00f3n est\u00e1 siendo exasperadamente lento.<\/p>\n\n\n\n<p>Especialmente grave es el caso de la CAV, puesto que se encuentra a la cola del Estado espa\u00f1ol con el menor porcentaje de dosis administradas y con la proporci\u00f3n m\u00e1s reducida de poblaci\u00f3n vulnerable que ya ha sido inmunizada.<\/p>\n\n\n\n<p>Evidentemente, cuanto m\u00e1s se alargue la crisis sanitaria mayores y m\u00e1s irreversibles ser\u00e1n los da\u00f1os provocados, tanto en salud y vidas humanas como en t\u00e9rminos econ\u00f3micos y sociales. Por tanto, acelerar la campa\u00f1a de vacunaci\u00f3n y liberar las patentes se ha convertido en una urgencia.<\/p>\n","protected":false},"excerpt":{"rendered":"<p>A un a\u00f1o vista desde el inicio de la crisis provocada por la expansi\u00f3n del covid el balance de su impacto en el mercado laboral es devastador. En comparaci\u00f3n con la situaci\u00f3n previa a la pandemia (finales de febrero del a\u00f1o pasado) el paro registrado en las oficinas p\u00fablicas de empleo ha aumentado en 21.294 personas. De forma que, actualmente, la cifra oficial de desempleo se sit\u00faa en 172.508 personas, de las que el 57% son mujeres.<\/p>\n","protected":false},"author":1189,"featured_media":32775,"comment_status":"closed","ping_status":"closed","sticky":false,"template":"","format":"standard","meta":{"_monsterinsights_skip_tracking":false,"_monsterinsights_sitenote_active":false,"_monsterinsights_sitenote_note":"","_monsterinsights_sitenote_category":0,"footnotes":"","_links_to":"","_links_to_target":""},"categories":[2994],"tags":[3182,3101,3178,3422],"class_list":{"0":"post-32777","1":"post","2":"type-post","3":"status-publish","4":"format-standard","5":"has-post-thumbnail","7":"category-accion-social","8":"tag-accion-social-es","9":"tag-desempleo","10":"tag-destacado-1","11":"tag-sozioekonomia-es"},"_links":{"self":[{"href":"https:\/\/www.lab.eus\/es\/wp-json\/wp\/v2\/posts\/32777","targetHints":{"allow":["GET"]}}],"collection":[{"href":"https:\/\/www.lab.eus\/es\/wp-json\/wp\/v2\/posts"}],"about":[{"href":"https:\/\/www.lab.eus\/es\/wp-json\/wp\/v2\/types\/post"}],"author":[{"embeddable":true,"href":"https:\/\/www.lab.eus\/es\/wp-json\/wp\/v2\/users\/1189"}],"replies":[{"embeddable":true,"href":"https:\/\/www.lab.eus\/es\/wp-json\/wp\/v2\/comments?post=32777"}],"version-history":[{"count":0,"href":"https:\/\/www.lab.eus\/es\/wp-json\/wp\/v2\/posts\/32777\/revisions"}],"wp:featuredmedia":[{"embeddable":true,"href":"https:\/\/www.lab.eus\/es\/wp-json\/wp\/v2\/media\/32775"}],"wp:attachment":[{"href":"https:\/\/www.lab.eus\/es\/wp-json\/wp\/v2\/media?parent=32777"}],"wp:term":[{"taxonomy":"category","embeddable":true,"href":"https:\/\/www.lab.eus\/es\/wp-json\/wp\/v2\/categories?post=32777"},{"taxonomy":"post_tag","embeddable":true,"href":"https:\/\/www.lab.eus\/es\/wp-json\/wp\/v2\/tags?post=32777"}],"curies":[{"name":"wp","href":"https:\/\/api.w.org\/{rel}","templated":true}]}}