{"id":32717,"date":"2021-03-30T11:29:00","date_gmt":"2021-03-30T11:29:00","guid":{"rendered":"https:\/\/www.lab.eus\/?p=32717"},"modified":"2021-03-30T14:38:26","modified_gmt":"2021-03-30T14:38:26","slug":"reclamamos-una-direccion-independiente-para-eitb","status":"publish","type":"post","link":"https:\/\/www.lab.eus\/es\/reclamamos-una-direccion-independiente-para-eitb\/","title":{"rendered":"Reclamamos una direcci\u00f3n independiente para EITB"},"content":{"rendered":"\n<p>Hoy nos hemos concentrado ante la sede de EITB en Bilbo para reclamar una direcci\u00f3n independiente e indicar que EITB no es Sabin Etxea. As\u00ed, hemos criticado el nombramiento de la jeltzale Ibone Bengoetxea como directora de EITB Media.<\/p>\n\n\n\n<p>Hemos visto a directores de EITB pasar a Sabin Etxea o al Gobierno Vasco, pero ahora est\u00e1n haciendo el mismo recorrido en sentido contrario. Hace unos meses nombraron a Andoni Aldekoa director general de EITB Media y ahora han elegido a Ibone Bengoetxea para el carto de directora de EITB Media. Ambos son miembros del PNV y han tenido una trayectoria vinculada a la pol\u00edtica. Nos parece una decisi\u00f3n escandalosa, inaceptable y vergonzosa.<\/p>\n\n\n\n<p>Andoni Aldekoa de la Torre fue consejero del alcalde de Bilbao I\u00f1aki Azkuna a lo largo de 16 a\u00f1os y director de Comunicaci\u00f3n de Lehendakaritza de I\u00f1igo Urkullu entre 2015 y 2017. Ibone Bengoetxea Otaolea fue concejal del PNV en el Ayuntamiento de Bilbao durante 12 a\u00f1os y despu\u00e9s diputada del Gobierno Foral de Bizkaia, hasta que Unai Rementer\u00eda la destituy\u00f3 de su cargo hace poco.<\/p>\n\n\n\n<p>Situando a Aldekoa y Bengoetxea dirigiendo EITB Media, la intenci\u00f3n del PNV queda de manifiesto: quiere establecer el control pol\u00edtico en EITB, convirtiendo el medio p\u00fablico en medio de comunicaci\u00f3n del Gobierno para que actu\u00e9 en beneficio de intereses partidistas.<\/p>\n\n\n\n<p>No aceptaremos que EITB Media se convierta en herramienta de propaganda del PNV. No aceptaremos que ETB, Euko Irratia y eitb.eus se conviertan en el NO-DO del Gobierno Vasco.<\/p>\n\n\n\n<p>EITB debe garantizar la objetivad, la profesionalidad, la pluralidad y la neutralidad pol\u00edtica. Del mismo modo y en la medida en que es un medio de comunicaci\u00f3n p\u00fablico, debe estar al servicio de las personas de Euskal Herria, y no al servicio del PNV o del Gobierno Vasco. EITB deben tener como objetivo informar a la ciudadan\u00eda de Euskal Herria con profesionalidad y objetividad, respetando la pluralidad y la neutralidad, y nada m\u00e1z.<\/p>\n\n\n\n<p><strong>M\u00e1s directores y gestores que nunca<\/strong><\/p>\n\n\n\n<p>Adem\u00e1s de ello, creemos que el nuevo organigrama de EITB Media es totalmente denunciable en lo que respecta al n\u00famero de gestores o altos cargos. De hecho, ahora tendremos m\u00e1s directores y gestores que cuando \u00e9ramos tres empresas (ETB, Eusko Irratia y EITBNET), cuando esas tres empresas se han fusionado en la \u00fanica compa\u00f1ia EITB Media. Incompresible e inaceptable.<\/p>\n\n\n\n<p>LAB lleva muchos a\u00f1os reivindicando la necesidad de estabilizar los puestos de trabajo de EITB Media y acordar la plantilla estructural, pero siempre hemos dejado claro cu\u00e1l es la condici\u00f3n para empezar a hace ese trabajo: eliminar el sistema de gestores (en EITB Media hay 1.000 trabajadoras y trabajadores y 100 gestores). \u00bfQu\u00e9 ha hecho Andoni Aldekoa al poco tiempo de llegar a la direcci\u00f3n de EITB Media? Incrementar el n\u00famero de directores y gestores.<\/p>\n\n\n\n<p>Cuando cumplimos un a\u00f1o de pandemia y estamos sufriendo una crisis sanitaria y socio-econ\u00f3mica sin precedentes, el PNV ha situado a dos comisarios pol\u00edticios dirigiendo EITB Media. Vienen tiempos dif\u00edciles al medio p\u00fablico.<\/p>\n","protected":false},"excerpt":{"rendered":"<p>Cuando cumplimos un a\u00f1o de pandemia y estamos sufriendo una crisis sanitaria y socio-econ\u00f3mica sin precedentes, el PNV ha situado a dos comisarios pol\u00edticios dirigiendo EITB Media.<\/p>\n","protected":false},"author":1189,"featured_media":32721,"comment_status":"closed","ping_status":"closed","sticky":false,"template":"","format":"standard","meta":{"_monsterinsights_skip_tracking":false,"_monsterinsights_sitenote_active":false,"_monsterinsights_sitenote_note":"","_monsterinsights_sitenote_category":0,"footnotes":"","_links_to":"","_links_to_target":""},"categories":[83,6],"tags":[3178,3171],"class_list":{"0":"post-32717","1":"post","2":"type-post","3":"status-publish","4":"format-standard","5":"has-post-thumbnail","7":"category-es-medios-de-comunicacion-es-servicios-publicos","8":"category-es-servicios-publicos","9":"tag-destacado-1","10":"tag-servicios-publicos-es"},"_links":{"self":[{"href":"https:\/\/www.lab.eus\/es\/wp-json\/wp\/v2\/posts\/32717","targetHints":{"allow":["GET"]}}],"collection":[{"href":"https:\/\/www.lab.eus\/es\/wp-json\/wp\/v2\/posts"}],"about":[{"href":"https:\/\/www.lab.eus\/es\/wp-json\/wp\/v2\/types\/post"}],"author":[{"embeddable":true,"href":"https:\/\/www.lab.eus\/es\/wp-json\/wp\/v2\/users\/1189"}],"replies":[{"embeddable":true,"href":"https:\/\/www.lab.eus\/es\/wp-json\/wp\/v2\/comments?post=32717"}],"version-history":[{"count":0,"href":"https:\/\/www.lab.eus\/es\/wp-json\/wp\/v2\/posts\/32717\/revisions"}],"wp:featuredmedia":[{"embeddable":true,"href":"https:\/\/www.lab.eus\/es\/wp-json\/wp\/v2\/media\/32721"}],"wp:attachment":[{"href":"https:\/\/www.lab.eus\/es\/wp-json\/wp\/v2\/media?parent=32717"}],"wp:term":[{"taxonomy":"category","embeddable":true,"href":"https:\/\/www.lab.eus\/es\/wp-json\/wp\/v2\/categories?post=32717"},{"taxonomy":"post_tag","embeddable":true,"href":"https:\/\/www.lab.eus\/es\/wp-json\/wp\/v2\/tags?post=32717"}],"curies":[{"name":"wp","href":"https:\/\/api.w.org\/{rel}","templated":true}]}}