{"id":32398,"date":"2021-03-22T12:28:15","date_gmt":"2021-03-22T12:28:15","guid":{"rendered":"https:\/\/www.lab.eus\/?p=32398"},"modified":"2021-03-22T12:28:16","modified_gmt":"2021-03-22T12:28:16","slug":"hemos-denunciado-en-bermeo-que-la-sangria-de-muertes-laborales-no-cesa","status":"publish","type":"post","link":"https:\/\/www.lab.eus\/es\/hemos-denunciado-en-bermeo-que-la-sangria-de-muertes-laborales-no-cesa\/","title":{"rendered":"Hemos denunciado en Bermeo que la sangr\u00eda de muertes laborales no cesa"},"content":{"rendered":"\n<p>Un trabajador del barco que presta asistencia a la plataforma La Gaviota de la costa de Bermeo, gestionada por la empresa Enag\u00e1s, <a href=\"https:\/\/www.lab.eus\/es\/cuando-van-a-tomar-las-administraciones-medidas-para-hacer-frente-a-la-siniestralidad-laboral\/\">falleci\u00f3 la pasada semana<\/a> al caer al mar desde la embarcaci\u00f3n de apoyo. Hemos denunciado esta muerte laboral hoy en Bermeo, en el puerto, a convocatoria de la mayor\u00eda sindical vasca. Al menos <a href=\"https:\/\/www.lab.eus\/2021ean-lan-istripuan-hildako-langileak\/\">13 trabajadores han muerto<\/a> en lo que va de a\u00f1o en Euskal Herria. El de Bermeo no fue el \u00faltimo accidente laboral mortal, ya que el fin de semana falleci\u00f3 un transportista en Zuasti, tras incendiarse el cami\u00f3n cuando descansaba en la zona de servicio de la autopista, sita en el citado municipio.<\/p>\n","protected":false},"excerpt":{"rendered":"<p>Un trabajador del barco que presta asistencia a la plataforma La Gaviota de la costa de Bermeo, gestionada por la empresa Enag\u00e1s, falleci\u00f3 la pasada semana al caer al mar desde la embarcaci\u00f3n de apoyo. Hemos denunciado esta muerte laboral hoy en Bermeo, en el puerto, a convocatoria de la mayor\u00eda sindical vasca. Al menos 13 trabajadores han muerto en lo que va de a\u00f1o en Euskal Herria. El de Bermeo no fue el \u00faltimo accidente laboral mortal, ya que el fin de semana falleci\u00f3 un transportista en Zuasti, tras incendiarse el cami\u00f3n cuando descansaba en la zona de servicio de la autopista, sita en el citado municipio.<\/p>\n","protected":false},"author":1189,"featured_media":32400,"comment_status":"closed","ping_status":"closed","sticky":false,"template":"","format":"standard","meta":{"_monsterinsights_skip_tracking":false,"_monsterinsights_sitenote_active":false,"_monsterinsights_sitenote_note":"","_monsterinsights_sitenote_category":0,"footnotes":"","_links_to":"","_links_to_target":""},"categories":[18,130,15,3283],"tags":[3178,3263,3083],"class_list":{"0":"post-32398","1":"post","2":"type-post","3":"status-publish","4":"format-standard","5":"has-post-thumbnail","7":"category-es-accion-sindical","8":"category-es-la-precariedad-mata-es-salud-laboral","9":"category-es-salud-laboral","10":"category-sin-categorizar","11":"tag-destacado-1","12":"tag-la-precariedad-mata-es-2","13":"tag-salud-laboral-es"},"_links":{"self":[{"href":"https:\/\/www.lab.eus\/es\/wp-json\/wp\/v2\/posts\/32398","targetHints":{"allow":["GET"]}}],"collection":[{"href":"https:\/\/www.lab.eus\/es\/wp-json\/wp\/v2\/posts"}],"about":[{"href":"https:\/\/www.lab.eus\/es\/wp-json\/wp\/v2\/types\/post"}],"author":[{"embeddable":true,"href":"https:\/\/www.lab.eus\/es\/wp-json\/wp\/v2\/users\/1189"}],"replies":[{"embeddable":true,"href":"https:\/\/www.lab.eus\/es\/wp-json\/wp\/v2\/comments?post=32398"}],"version-history":[{"count":0,"href":"https:\/\/www.lab.eus\/es\/wp-json\/wp\/v2\/posts\/32398\/revisions"}],"wp:featuredmedia":[{"embeddable":true,"href":"https:\/\/www.lab.eus\/es\/wp-json\/wp\/v2\/media\/32400"}],"wp:attachment":[{"href":"https:\/\/www.lab.eus\/es\/wp-json\/wp\/v2\/media?parent=32398"}],"wp:term":[{"taxonomy":"category","embeddable":true,"href":"https:\/\/www.lab.eus\/es\/wp-json\/wp\/v2\/categories?post=32398"},{"taxonomy":"post_tag","embeddable":true,"href":"https:\/\/www.lab.eus\/es\/wp-json\/wp\/v2\/tags?post=32398"}],"curies":[{"name":"wp","href":"https:\/\/api.w.org\/{rel}","templated":true}]}}