{"id":31666,"date":"2021-02-26T10:19:16","date_gmt":"2021-02-26T10:19:16","guid":{"rendered":"https:\/\/www.lab.eus\/?p=31666"},"modified":"2021-02-26T10:19:17","modified_gmt":"2021-02-26T10:19:17","slug":"convocamos-huelga-en-los-servicios-sociales-de-la-cav-para-el-4-de-marzo-para-pedir-el-reconocimiento-de-los-trabajos-de-cuidados","status":"publish","type":"post","link":"https:\/\/www.lab.eus\/es\/convocamos-huelga-en-los-servicios-sociales-de-la-cav-para-el-4-de-marzo-para-pedir-el-reconocimiento-de-los-trabajos-de-cuidados\/","title":{"rendered":"Convocamos huelga en los servicios sociales de la CAV para el 4 de marzo para pedir el reconocimiento de los trabajos de cuidados"},"content":{"rendered":"\n<p>La pandemia ha dejado claro lo importantes que son los servicios sociales para el mantenimiento de la vida. Hasta ahora, sin embargo, se han considerado como posibilidades para hacer negocio por parte de los poderes econ\u00f3micos. Ha sido evidente que, en los \u00faltimos a\u00f1os, tanto la calidad de vida de las y los usuarios como de los trabajadores y trabajadoras ha ido a peor, debido a la avaricia que genera la privatizaci\u00f3n. En este contexto, el secretario de la Federaci\u00f3n de Servicios P\u00fablicos Gorka Berasategi ha realizado un llamamiento a participar en la huelga del 4 de marzo.<\/p>\n\n\n\n<p>El sistema de servicios sociales necesita todo un cambio de modelo. Trabajadoras, usuarias y familiares de usuarias llevamos a\u00f1os interpelando a diferentes administraciones. Hay que abandonar el modelo que no cuida, dejando a un lado el negocio y la privatizaci\u00f3n. Las instituciones deben aprobar normas que publifiquen y garanticen la calidad de los servicios sociales. Es necesario, a su vez, tener en cuenta la opini\u00f3n de trabajadores, trabajadoras y personas usuarias.<\/p>\n\n\n\n<p>Los servicios sociales cada vez son menos p\u00fablicos y cada vez m\u00e1s privados. La falta de reconocimiento en estos trabajos hace que aumente la precariedad. Cargas laborales insostenibles, temporalidad, salarios bajos&#8230; las patronales tienen bloqueada la negociaci\u00f3n colectiva. Es imprescindible, por tanto, hacer p\u00fablicas las reivindicaciones de estos trabajadores y trabajadoras; es por ello por lo que hacemos un llamamiento a participar en la huelga de los servicios sociales convocada para el pr\u00f3ximo 4 de marzo y defender, entre otras, estas reivindicaciones:<\/p>\n\n\n\n<ul class=\"wp-block-list\"><li>Publificar todos los servicios sociales, subrogando a todas las trabajadoras.<\/li><li>Modificar el modelo de servicios sociales, facilitando y generalizando el acceso, regulando los sistemas de atenci\u00f3n y fomentando la autonom\u00eda de las personas.<\/li><li>Fomentar la participaci\u00f3n de usuarios y usuarias, y trabajadoras.<\/li><li>Son necesarias decisiones para mejorar las condiciones laborales de los trabajadores, &nbsp;&nbsp;&nbsp;&nbsp;&nbsp; desbloqueando los convenios colectivos y actualizando debidamente los decretos de ratios.<\/li><li>Se debe regular el conjunto de servicios sociales, cumpliendo con la exigencia del Parlamento Vasco, elaborando y aprobando los correspondientes decretos, con la participaci\u00f3n de usuarios y usuarias, y trabajadoras.<\/li><li>Garantizar una dotaci\u00f3n presupuestaria suficiente para el desarrollo del sistema p\u00fablico vasco de servicios sociales y de cuidados, de gesti\u00f3n directa, comunitario, universal, gratuito y de calidad.<\/li><\/ul>\n","protected":false},"excerpt":{"rendered":"<p>La pandemia ha dejado claro lo importantes que son los servicios sociales para el mantenimiento de la vida. Hasta ahora, sin embargo, se han considerado como posibilidades para hacer negocio por parte de los poderes econ\u00f3micos. Ha sido evidente que, en los \u00faltimos a\u00f1os, tanto la calidad de vida de las y los usuarios como de los trabajadores y trabajadoras ha ido a peor, debido a la avaricia que genera la privatizaci\u00f3n. En este contexto, el secretario de la Federaci\u00f3n de Servicios P\u00fablicos Gorka Berasategi ha realizado un llamamiento a participar en la huelga del 4 de marzo.<\/p>\n","protected":false},"author":1191,"featured_media":31667,"comment_status":"closed","ping_status":"closed","sticky":false,"template":"","format":"standard","meta":{"_monsterinsights_skip_tracking":false,"_monsterinsights_sitenote_active":false,"_monsterinsights_sitenote_note":"","_monsterinsights_sitenote_category":0,"footnotes":"","_links_to":"","_links_to_target":""},"categories":[18,2867,3000,6],"tags":[3033,3178,3217,3171],"class_list":{"0":"post-31666","1":"post","2":"type-post","3":"status-publish","4":"format-standard","5":"has-post-thumbnail","7":"category-es-accion-sindical","8":"category-federaciones","9":"category-servicio-sociocomunitario","10":"category-es-servicios-publicos","11":"tag-accion-sindical-es","12":"tag-destacado-1","13":"tag-servicios-sociocomunitarios","14":"tag-servicios-publicos-es"},"_links":{"self":[{"href":"https:\/\/www.lab.eus\/es\/wp-json\/wp\/v2\/posts\/31666","targetHints":{"allow":["GET"]}}],"collection":[{"href":"https:\/\/www.lab.eus\/es\/wp-json\/wp\/v2\/posts"}],"about":[{"href":"https:\/\/www.lab.eus\/es\/wp-json\/wp\/v2\/types\/post"}],"author":[{"embeddable":true,"href":"https:\/\/www.lab.eus\/es\/wp-json\/wp\/v2\/users\/1191"}],"replies":[{"embeddable":true,"href":"https:\/\/www.lab.eus\/es\/wp-json\/wp\/v2\/comments?post=31666"}],"version-history":[{"count":0,"href":"https:\/\/www.lab.eus\/es\/wp-json\/wp\/v2\/posts\/31666\/revisions"}],"wp:featuredmedia":[{"embeddable":true,"href":"https:\/\/www.lab.eus\/es\/wp-json\/wp\/v2\/media\/31667"}],"wp:attachment":[{"href":"https:\/\/www.lab.eus\/es\/wp-json\/wp\/v2\/media?parent=31666"}],"wp:term":[{"taxonomy":"category","embeddable":true,"href":"https:\/\/www.lab.eus\/es\/wp-json\/wp\/v2\/categories?post=31666"},{"taxonomy":"post_tag","embeddable":true,"href":"https:\/\/www.lab.eus\/es\/wp-json\/wp\/v2\/tags?post=31666"}],"curies":[{"name":"wp","href":"https:\/\/api.w.org\/{rel}","templated":true}]}}