{"id":31359,"date":"2021-02-22T11:14:28","date_gmt":"2021-02-22T11:14:28","guid":{"rendered":"https:\/\/www.lab.eus\/?p=31359"},"modified":"2021-02-22T14:21:23","modified_gmt":"2021-02-22T14:21:23","slug":"hemos-remarcado-que-es-imprescindible-romper-la-division-sexual-del-trabajo-para-acabar-con-la-brecha-salarial","status":"publish","type":"post","link":"https:\/\/www.lab.eus\/es\/hemos-remarcado-que-es-imprescindible-romper-la-division-sexual-del-trabajo-para-acabar-con-la-brecha-salarial\/","title":{"rendered":"Hemos remarcado que es imprescindible romper la divisi\u00f3n sexual del trabajo para acabar con la brecha salarial"},"content":{"rendered":"\n<p><a href=\"https:\/\/www.lab.eus\/es\/contra-la-brecha-salarial-acabemos-con-la-division-sexual-del-trabajo-publificacion-de-los-cuidados-ya\/\">Con motivo del d\u00eda contra la brecha salarial<\/a>, hemos realizado movilizaciones en las capitales de Hego Euskal Herria. En concreto, hemos denunciado que la brecha salarial se basa en la divisi\u00f3n sexual del trabajo. Por tanto, hemos destacado que es imprescindible romper esa divisi\u00f3n para que las mujeres* tengan salarios y condiciones laborales dignas.<\/p>\n\n\n\n<figure class=\"wp-block-image size-large\"><img loading=\"lazy\" decoding=\"async\" width=\"1024\" height=\"576\" src=\"https:\/\/www.lab.eus\/wp-content\/uploads\/2021\/02\/Irunea-1024x576.jpg\" alt=\"\" class=\"wp-image-31366\" srcset=\"https:\/\/www.lab.eus\/wp-content\/uploads\/2021\/02\/Irunea-1024x576.jpg 1024w, https:\/\/www.lab.eus\/wp-content\/uploads\/2021\/02\/Irunea-300x169.jpg 300w, https:\/\/www.lab.eus\/wp-content\/uploads\/2021\/02\/Irunea-768x432.jpg 768w, https:\/\/www.lab.eus\/wp-content\/uploads\/2021\/02\/Irunea-1536x864.jpg 1536w, https:\/\/www.lab.eus\/wp-content\/uploads\/2021\/02\/Irunea-150x84.jpg 150w, https:\/\/www.lab.eus\/wp-content\/uploads\/2021\/02\/Irunea-696x392.jpg 696w, https:\/\/www.lab.eus\/wp-content\/uploads\/2021\/02\/Irunea-1068x601.jpg 1068w, https:\/\/www.lab.eus\/wp-content\/uploads\/2021\/02\/Irunea-1920x1080.jpg 1920w, https:\/\/www.lab.eus\/wp-content\/uploads\/2021\/02\/Irunea-747x420.jpg 747w, https:\/\/www.lab.eus\/wp-content\/uploads\/2021\/02\/Irunea.jpg 2048w\" sizes=\"auto, (max-width: 1024px) 100vw, 1024px\" \/><figcaption>Iru\u00f1ea.<\/figcaption><\/figure>\n\n\n\n<p>En la protesta de Bilbo, la secretaria de la Secretar\u00eda Feminista, Eli Etxeberria, ha tomado la palabra y ha se\u00f1alado que, adem\u00e1s de romper la divisi\u00f3n laboral por sexo, la publificaci\u00f3n ser\u00eda otra medida importante para acabar con la brecha salarial: \u00abLa privatizaci\u00f3n de los servicios que son p\u00fablicos supone la precarizaci\u00f3n de las mujeres* trabajadoras, especialmente en los sectores relacionados con las labores de cuidado. Nos quieren en un segundo plano en el mercado laboral\u00bb. Seg\u00fan Etxeberria, \u00abtambi\u00e9n deber\u00edan obligar desde los poderes p\u00fablicos a las empresas que est\u00e1n masculinizadas a contratar a mujeres*\u00bb.<\/p>\n\n\n\n<figure class=\"wp-block-image size-large\"><img loading=\"lazy\" decoding=\"async\" width=\"1024\" height=\"768\" src=\"https:\/\/www.lab.eus\/wp-content\/uploads\/2021\/02\/Gasteiz-1024x768.jpeg\" alt=\"\" class=\"wp-image-31368\" srcset=\"https:\/\/www.lab.eus\/wp-content\/uploads\/2021\/02\/Gasteiz-1024x768.jpeg 1024w, https:\/\/www.lab.eus\/wp-content\/uploads\/2021\/02\/Gasteiz-300x225.jpeg 300w, https:\/\/www.lab.eus\/wp-content\/uploads\/2021\/02\/Gasteiz-768x576.jpeg 768w, https:\/\/www.lab.eus\/wp-content\/uploads\/2021\/02\/Gasteiz-150x113.jpeg 150w, https:\/\/www.lab.eus\/wp-content\/uploads\/2021\/02\/Gasteiz-696x522.jpeg 696w, https:\/\/www.lab.eus\/wp-content\/uploads\/2021\/02\/Gasteiz-1068x801.jpeg 1068w, https:\/\/www.lab.eus\/wp-content\/uploads\/2021\/02\/Gasteiz-560x420.jpeg 560w, https:\/\/www.lab.eus\/wp-content\/uploads\/2021\/02\/Gasteiz-80x60.jpeg 80w, https:\/\/www.lab.eus\/wp-content\/uploads\/2021\/02\/Gasteiz-265x198.jpeg 265w, https:\/\/www.lab.eus\/wp-content\/uploads\/2021\/02\/Gasteiz.jpeg 1280w\" sizes=\"auto, (max-width: 1024px) 100vw, 1024px\" \/><figcaption>Gasteiz.<\/figcaption><\/figure>\n\n\n\n<p>En palabras de la Secretar\u00eda Feminista, \u00abno existen trabajos que sean propios de mujeres* o de hombres. Esto es una construcci\u00f3n. La diferente valoraci\u00f3n de estos en funci\u00f3n de qui\u00e9n los realiza no es neutra, ni normal, ni natural. Las impone el sistema para que las condiciones laborales de las mujeres* sean siempre peores, o para que seamos nosotras las responsables de todos los trabajos de cuidados en los hogares\u00bb.<\/p>\n\n\n\n<figure class=\"wp-block-image size-large\"><img loading=\"lazy\" decoding=\"async\" width=\"1024\" height=\"768\" src=\"https:\/\/www.lab.eus\/wp-content\/uploads\/2021\/02\/Donostia-1024x768.jpeg\" alt=\"\" class=\"wp-image-31370\" srcset=\"https:\/\/www.lab.eus\/wp-content\/uploads\/2021\/02\/Donostia-1024x768.jpeg 1024w, https:\/\/www.lab.eus\/wp-content\/uploads\/2021\/02\/Donostia-300x225.jpeg 300w, https:\/\/www.lab.eus\/wp-content\/uploads\/2021\/02\/Donostia-768x576.jpeg 768w, https:\/\/www.lab.eus\/wp-content\/uploads\/2021\/02\/Donostia-1536x1152.jpeg 1536w, https:\/\/www.lab.eus\/wp-content\/uploads\/2021\/02\/Donostia-2048x1536.jpeg 2048w, https:\/\/www.lab.eus\/wp-content\/uploads\/2021\/02\/Donostia-150x113.jpeg 150w, https:\/\/www.lab.eus\/wp-content\/uploads\/2021\/02\/Donostia-696x522.jpeg 696w, https:\/\/www.lab.eus\/wp-content\/uploads\/2021\/02\/Donostia-1068x801.jpeg 1068w, https:\/\/www.lab.eus\/wp-content\/uploads\/2021\/02\/Donostia-1920x1440.jpeg 1920w, https:\/\/www.lab.eus\/wp-content\/uploads\/2021\/02\/Donostia-560x420.jpeg 560w, https:\/\/www.lab.eus\/wp-content\/uploads\/2021\/02\/Donostia-80x60.jpeg 80w, https:\/\/www.lab.eus\/wp-content\/uploads\/2021\/02\/Donostia-265x198.jpeg 265w\" sizes=\"auto, (max-width: 1024px) 100vw, 1024px\" \/><figcaption>Donostia.<\/figcaption><\/figure>\n\n\n\n<figure class=\"wp-block-embed is-type-video is-provider-youtube wp-block-embed-youtube wp-embed-aspect-16-9 wp-has-aspect-ratio\"><div class=\"wp-block-embed__wrapper\">\n<div class=\"youtube-embed\" data-video_id=\"-zxhek9VOOY\"><iframe loading=\"lazy\" title=\"Soldata arrakalaren kontra, sexuaren araberako lan banaketa apurtu\" width=\"696\" height=\"392\" src=\"https:\/\/www.youtube.com\/embed\/-zxhek9VOOY?feature=oembed&#038;enablejsapi=1\" frameborder=\"0\" allow=\"accelerometer; autoplay; clipboard-write; encrypted-media; gyroscope; picture-in-picture\" allowfullscreen><\/iframe><\/div>\n<\/div><\/figure>\n","protected":false},"excerpt":{"rendered":"<p>Con motivo del d\u00eda contra la brecha salarial, hemos realizado movilizaciones en las capitales de Hego Euskal Herria. En concreto, hemos denunciado que la brecha salarial se basa en la divisi\u00f3n sexual del trabajo. Por tanto, hemos destacado que es imprescindible romper esa divisi\u00f3n para que las mujeres* tengan salarios y condiciones laborales dignas.<\/p>\n","protected":false},"author":1189,"featured_media":31364,"comment_status":"closed","ping_status":"closed","sticky":false,"template":"","format":"standard","meta":{"_monsterinsights_skip_tracking":false,"_monsterinsights_sitenote_active":false,"_monsterinsights_sitenote_note":"","_monsterinsights_sitenote_category":0,"footnotes":"","_links_to":"","_links_to_target":""},"categories":[3402,18,2994,20,2894,3281],"tags":[3033,3182,3178,3191],"class_list":{"0":"post-31359","1":"post","2":"type-post","3":"status-publish","4":"format-standard","5":"has-post-thumbnail","7":"category-accion-politica","8":"category-es-accion-sindical","9":"category-accion-social","10":"category-es-mujeres","11":"category-mujeres","12":"category-secretaria-feminista","13":"tag-accion-sindical-es","14":"tag-accion-social-es","15":"tag-destacado-1","16":"tag-mujeres"},"_links":{"self":[{"href":"https:\/\/www.lab.eus\/es\/wp-json\/wp\/v2\/posts\/31359","targetHints":{"allow":["GET"]}}],"collection":[{"href":"https:\/\/www.lab.eus\/es\/wp-json\/wp\/v2\/posts"}],"about":[{"href":"https:\/\/www.lab.eus\/es\/wp-json\/wp\/v2\/types\/post"}],"author":[{"embeddable":true,"href":"https:\/\/www.lab.eus\/es\/wp-json\/wp\/v2\/users\/1189"}],"replies":[{"embeddable":true,"href":"https:\/\/www.lab.eus\/es\/wp-json\/wp\/v2\/comments?post=31359"}],"version-history":[{"count":0,"href":"https:\/\/www.lab.eus\/es\/wp-json\/wp\/v2\/posts\/31359\/revisions"}],"wp:featuredmedia":[{"embeddable":true,"href":"https:\/\/www.lab.eus\/es\/wp-json\/wp\/v2\/media\/31364"}],"wp:attachment":[{"href":"https:\/\/www.lab.eus\/es\/wp-json\/wp\/v2\/media?parent=31359"}],"wp:term":[{"taxonomy":"category","embeddable":true,"href":"https:\/\/www.lab.eus\/es\/wp-json\/wp\/v2\/categories?post=31359"},{"taxonomy":"post_tag","embeddable":true,"href":"https:\/\/www.lab.eus\/es\/wp-json\/wp\/v2\/tags?post=31359"}],"curies":[{"name":"wp","href":"https:\/\/api.w.org\/{rel}","templated":true}]}}