{"id":30984,"date":"2021-02-04T09:43:00","date_gmt":"2021-02-04T09:43:00","guid":{"rendered":"https:\/\/www.lab.eus\/?p=30984"},"modified":"2021-02-04T10:55:53","modified_gmt":"2021-02-04T10:55:53","slug":"hemos-denunciado-en-el-parlamento-de-gasteiz-con-el-aval-de-18-000-firmas-el-cierre-del-servicio-nocturno-del-punto-de-atencion-continuada-de-deustu","status":"publish","type":"post","link":"https:\/\/www.lab.eus\/es\/hemos-denunciado-en-el-parlamento-de-gasteiz-con-el-aval-de-18-000-firmas-el-cierre-del-servicio-nocturno-del-punto-de-atencion-continuada-de-deustu\/","title":{"rendered":"Hemos denunciado en el Parlamento de Gasteiz, con el aval de 18.000 firmas, el cierre del servicio nocturno del Punto de Atenci\u00f3n Continuada de Deustu"},"content":{"rendered":"\n<p>Los sindicatos, as\u00ed como las trabajadoras y trabajadores del Punto de Atenci\u00f3n Continuada (PAC) de Deustu nos hemos concentrado en el Parlamento de Gasteiz, donde hemos presentado m\u00e1s de 18.000 firmas recogidas contra la supresi\u00f3n del horario nocturno de ese servicio p\u00fablico.<\/p>\n\n\n\n<p>Desde los sindicatos LAB, SATSE, ELA, CCOO, UGT, ESK y SME, as\u00ed como las trabajadoras y trabajadores del PAC de Deustu, llevamos meses denunciando que la pandemia y la situaci\u00f3n de confusi\u00f3n que en muchos momentos se ha derivado de la misma, est\u00e1 siendo la excusa perfecta para que Osakidetza aplique recortes en la asistencia sanitaria que ofrece. Tanto es as\u00ed, que pese a la presi\u00f3n ejercida, ha decidido finalmente dar por cerrado el servicio nocturno que hasta el 1 de febrero de 2021 se ha venido prestando en el PAC de Deustu.<\/p>\n\n\n\n<p>Estamos ante un nuevo recorte que lleva a\u00f1os en la hoja de ruta del Departamento de Salud y que se aplica ahora aprovechando la tormenta perfecta que ha supuesto la pandemia. Se trata de la eliminaci\u00f3n de un servicio sanitario p\u00fablico esencial que dejar\u00e1 de ofrecerse a la ciudadan\u00eda, en este caso de Bilbo, y que adem\u00e1s, tendr\u00e1 graves consecuencias tanto para el paciente, como para el propio sistema sanitario p\u00fablico. Hay que recordar que los PAC (Puntos de Atenci\u00f3n Continuada), son un nivel asistencial que atienden aquellas urgencias menos graves, que pudieran tornarse en graves, pero que requieren de atenci\u00f3n, aunque no revistan tal entidad como para que sean atendidas por la urgencia hospitalaria.<\/p>\n\n\n\n<p>As\u00ed, esta medida supone sobrecargar aun m\u00e1s las Urgencias Hospitalarias, las del Hospital de Basurto en este caso. Y si esto no fuera poco, ese colapso va a derviar la atenci\u00f3n de patolog\u00edas y situaciones que no corresponden a la urgencia hospitalaria, cuando por su car\u00e1cter m\u00e1s leve, deber\u00edan ser atendidas en el propio PAC. Este hecho, adem\u00e1s, va a producir las siguientes consecuencias l\u00f3gicas:<\/p>\n\n\n\n<p>\u00b7 Aumento de la presencia de ciudadanas y ciudadanos en la sala de espera de las urgencias hospitalarias.<\/p>\n\n\n\n<p>\u00b7 Aumento, por tanto, del tiempo de espera a ser atendidas y atendidos, tendiendo a la saturaci\u00f3n.<\/p>\n\n\n\n<p>\u00b7 Aumento del riesgo de exposici\u00f3n a la COVID-19, cuando todas las recomendaciones sanitarias indican lo contrario.<\/p>\n\n\n\n<p>Es evidente que esta maniobra forma parte de una estrategia del Departamento de Salud y Osakidetza de reducir, e incluso eliminar, el servicio que prestan los PAC, ya que no es el primer PAC que cierra en su horario nocturno, y nos atrevemos a decir, que no ser\u00e1 el \u00faltimo, si finalmente permitimos que esto suceda.<\/p>\n\n\n\n<p>Dentro de todas las din\u00e1micas llevadas a cabo para evitar el cierre de este servicio p\u00fablico, el pasado 28 de enero, diferentes agentes, entre ellos la Federaci\u00f3n de Asociaciones de Vecinas y Vecinos de Bilbao, Osalde y Bilboko Elkartasun Sareak, presentaron una moci\u00f3n en el Pleno del Ayuntamiento de Bilbao, donde se solicitaba a la Corporaci\u00f3n Municipal a que instara a Osakidetza y al Departamento de Salud a revertir el cierre del servicio de unrgencias presenciales del PAC de Deustu en horario de 0,00 a 8,00 horas. Esta moci\u00f3n fue rechazada; en su lugar, sali\u00f3 adelante la enmienda del propio Gobierno Municipal, compuesto por PNV y PSE, por la que se instaba a Osakidetza a analizar de forma pormenorizada el impacto que pudiera suponer la eliminaci\u00f3n del servicio antes descrito, as\u00ed como que se garantizara el mantenimiento de la cobertura sanitaria a las posibles personas usuarias del servicio; posici\u00f3n equidistante donde las haya.<\/p>\n","protected":false},"excerpt":{"rendered":"<p>Estamos ante un nuevo recorte que lleva a\u00f1os en la hoja de ruta del Departamento de Salud y que se aplica ahora aprovechando la tormenta perfecta que ha supuesto la pandemia. Se trata de la eliminaci\u00f3n de un servicio sanitario p\u00fablico esencial que dejar\u00e1 de ofrecerse a la ciudadan\u00eda, en este caso de Bilbo, y que adem\u00e1s, tendr\u00e1 graves consecuencias tanto para el paciente, como para el propio sistema sanitario p\u00fablico. <\/p>\n","protected":false},"author":1189,"featured_media":30983,"comment_status":"closed","ping_status":"closed","sticky":false,"template":"","format":"standard","meta":{"_monsterinsights_skip_tracking":false,"_monsterinsights_sitenote_active":false,"_monsterinsights_sitenote_note":"","_monsterinsights_sitenote_category":0,"footnotes":"","_links_to":"","_links_to_target":""},"categories":[3126,3097,6,3283],"tags":[3178,3195,3100,3171],"class_list":{"0":"post-30984","1":"post","2":"type-post","3":"status-publish","4":"format-standard","5":"has-post-thumbnail","7":"category-sanidad-es","8":"category-sanidad","9":"category-es-servicios-publicos","10":"category-sin-categorizar","11":"tag-destacado-1","12":"tag-osakidetza-es","13":"tag-sanidad-es","14":"tag-servicios-publicos-es"},"_links":{"self":[{"href":"https:\/\/www.lab.eus\/es\/wp-json\/wp\/v2\/posts\/30984","targetHints":{"allow":["GET"]}}],"collection":[{"href":"https:\/\/www.lab.eus\/es\/wp-json\/wp\/v2\/posts"}],"about":[{"href":"https:\/\/www.lab.eus\/es\/wp-json\/wp\/v2\/types\/post"}],"author":[{"embeddable":true,"href":"https:\/\/www.lab.eus\/es\/wp-json\/wp\/v2\/users\/1189"}],"replies":[{"embeddable":true,"href":"https:\/\/www.lab.eus\/es\/wp-json\/wp\/v2\/comments?post=30984"}],"version-history":[{"count":0,"href":"https:\/\/www.lab.eus\/es\/wp-json\/wp\/v2\/posts\/30984\/revisions"}],"wp:featuredmedia":[{"embeddable":true,"href":"https:\/\/www.lab.eus\/es\/wp-json\/wp\/v2\/media\/30983"}],"wp:attachment":[{"href":"https:\/\/www.lab.eus\/es\/wp-json\/wp\/v2\/media?parent=30984"}],"wp:term":[{"taxonomy":"category","embeddable":true,"href":"https:\/\/www.lab.eus\/es\/wp-json\/wp\/v2\/categories?post=30984"},{"taxonomy":"post_tag","embeddable":true,"href":"https:\/\/www.lab.eus\/es\/wp-json\/wp\/v2\/tags?post=30984"}],"curies":[{"name":"wp","href":"https:\/\/api.w.org\/{rel}","templated":true}]}}