{"id":30907,"date":"2021-02-02T13:02:45","date_gmt":"2021-02-02T13:02:45","guid":{"rendered":"https:\/\/www.lab.eus\/?p=30907"},"modified":"2021-02-02T13:02:46","modified_gmt":"2021-02-02T13:02:46","slug":"la-destruccion-de-empleo-vuelve-a-castigar-con-mas-intensidad-a-la-juventud","status":"publish","type":"post","link":"https:\/\/www.lab.eus\/es\/la-destruccion-de-empleo-vuelve-a-castigar-con-mas-intensidad-a-la-juventud\/","title":{"rendered":"La destrucci\u00f3n de empleo vuelve a castigar con m\u00e1s intensidad a la juventud"},"content":{"rendered":"\n<p>El inicio del a\u00f1o ha coincidido con el agravamiento de la crisis sanitaria y el impacto de la tercera ola, lo que se ha traducido en nuevas restricciones y m\u00e1s destrucci\u00f3n de empleo.<\/p>\n\n\n\n<p>Seg\u00fan los Servicios P\u00fablicos de Empleo, el paro registrado en Hego Euskal Herria durante el mes de enero aument\u00f3 en 2.578 personas, la mayor\u00eda de ellas mujeres. Sin embargo, estos datos no reflejan fielmente la magnitud del destrozo laboral acaecido tras las Navidades.<\/p>\n\n\n\n<p>De hecho, el balance mensual de la Seguridad Social revela la p\u00e9rdida de 10.925 puestos de trabajo en un solo mes. Al menos \u00e9sta es la conclusi\u00f3n que se extrae de la evoluci\u00f3n del n\u00famero de personas afiliadas al sistema.<\/p>\n\n\n\n<p>Por otro lado, en t\u00e9rminos interanuales el paro registrado suma 20.934 personas m\u00e1s que hace un a\u00f1o (cifra similar a la ca\u00edda de afiliaci\u00f3n).<\/p>\n\n\n\n<p>Adem\u00e1s, la destrucci\u00f3n de empleo est\u00e1 castigando con m\u00e1s intensidad a la juventud, dado que se trata de un colectivo especialmente expuesto a relaciones laborales de car\u00e1cter temporal y muy precarias. En concreto, el n\u00famero j\u00f3venes en paro se ha disparado un 37%.<\/p>\n\n\n\n<p>El descontrol de los contagios est\u00e1 retrasando la recuperaci\u00f3n y pone en jaque la posibilidad de una salida temprana de la crisis. Adem\u00e1s, a medida que la situaci\u00f3n de emergencia se alarga aumenta el riesgo de que la resignaci\u00f3n se convierta en indiferencia e insolidaridad.<\/p>\n\n\n\n<p>La mejor forma de evitar que esta peligrosa tendencia se extienda y termine siendo dominante es reforzando los sistemas de protecci\u00f3n social frente al aumento del paro y las desigualdades. No es el momento de reducir los esfuerzos en la lucha contra la pobreza.<\/p>\n\n\n\n<p>El fortalecimiento del pilar social es una parte fundamental e imprescindible de la soluci\u00f3n; sin embargo, resultar\u00e1 insuficiente ante el progresivo deterioro de la situaci\u00f3n financiera que atraviesa un n\u00famero de empresas cada vez m\u00e1s considerable.<\/p>\n\n\n\n<p>El alargamiento de la crisis amenaza con convertir los crecientes problemas de liquidez en insolvencia definitiva, sobre todo para las empresas m\u00e1s afectadas por la crisis y con menor \u201cm\u00fasculo financiero\u201d.<\/p>\n\n\n\n<p>En este sentido conviene recordar que m\u00e1s del 80% del empleo se concentra en microempresas y PYMEs. Y somos conscientes de que una mayor destrucci\u00f3n de tejido productivo inmediatamente dar\u00eda lugar a una avalancha de despidos.<\/p>\n","protected":false},"excerpt":{"rendered":"<p>El inicio del a\u00f1o ha coincidido con el agravamiento de la crisis sanitaria y el impacto de la tercera ola, lo que se ha traducido en nuevas restricciones y m\u00e1s destrucci\u00f3n de empleo. Seg\u00fan los Servicios P\u00fablicos de Empleo, el paro registrado en Hego Euskal Herria durante el mes de enero aument\u00f3 en 2.578 personas, la mayor\u00eda de ellas mujeres. Sin embargo, estos datos no reflejan fielmente la magnitud del destrozo laboral acaecido tras las Navidades.<\/p>\n","protected":false},"author":1189,"featured_media":30906,"comment_status":"closed","ping_status":"closed","sticky":false,"template":"","format":"standard","meta":{"_monsterinsights_skip_tracking":false,"_monsterinsights_sitenote_active":false,"_monsterinsights_sitenote_note":"","_monsterinsights_sitenote_category":0,"footnotes":"","_links_to":"","_links_to_target":""},"categories":[2994],"tags":[3182],"class_list":{"0":"post-30907","1":"post","2":"type-post","3":"status-publish","4":"format-standard","5":"has-post-thumbnail","7":"category-accion-social","8":"tag-accion-social-es"},"_links":{"self":[{"href":"https:\/\/www.lab.eus\/es\/wp-json\/wp\/v2\/posts\/30907","targetHints":{"allow":["GET"]}}],"collection":[{"href":"https:\/\/www.lab.eus\/es\/wp-json\/wp\/v2\/posts"}],"about":[{"href":"https:\/\/www.lab.eus\/es\/wp-json\/wp\/v2\/types\/post"}],"author":[{"embeddable":true,"href":"https:\/\/www.lab.eus\/es\/wp-json\/wp\/v2\/users\/1189"}],"replies":[{"embeddable":true,"href":"https:\/\/www.lab.eus\/es\/wp-json\/wp\/v2\/comments?post=30907"}],"version-history":[{"count":0,"href":"https:\/\/www.lab.eus\/es\/wp-json\/wp\/v2\/posts\/30907\/revisions"}],"wp:featuredmedia":[{"embeddable":true,"href":"https:\/\/www.lab.eus\/es\/wp-json\/wp\/v2\/media\/30906"}],"wp:attachment":[{"href":"https:\/\/www.lab.eus\/es\/wp-json\/wp\/v2\/media?parent=30907"}],"wp:term":[{"taxonomy":"category","embeddable":true,"href":"https:\/\/www.lab.eus\/es\/wp-json\/wp\/v2\/categories?post=30907"},{"taxonomy":"post_tag","embeddable":true,"href":"https:\/\/www.lab.eus\/es\/wp-json\/wp\/v2\/tags?post=30907"}],"curies":[{"name":"wp","href":"https:\/\/api.w.org\/{rel}","templated":true}]}}