{"id":30602,"date":"2021-01-26T12:14:47","date_gmt":"2021-01-26T12:14:47","guid":{"rendered":"https:\/\/www.lab.eus\/?p=30602"},"modified":"2021-01-26T13:31:16","modified_gmt":"2021-01-26T13:31:16","slug":"hemos-reivindicado-el-reconocimiento-politico-economico-y-social-de-las-labores-de-cuidados","status":"publish","type":"post","link":"https:\/\/www.lab.eus\/es\/hemos-reivindicado-el-reconocimiento-politico-economico-y-social-de-las-labores-de-cuidados\/","title":{"rendered":"Hemos reivindicado en Gasteiz, Bilbo y Donostia el reconocimiento pol\u00edtico, econ\u00f3mico y social de las labores de cuidados"},"content":{"rendered":"\n<p>Con motivo de la <a href=\"https:\/\/www.lab.eus\/es\/hemos-convocado-huelga-en-el-sector-de-servicios-sociales-de-la-cav-para-el-26-de-enero-y-el-4-de-marzo-en-defensa-y-en-reconocimiento-de-los-trabajos-de-cuidados\/\">primera jornada de huelga<\/a> de los y las trabajadoras del \u00e1mbito de cuidados de Araba, Bizkaia y Gipuzkoa, hemos tomado las calles de Gasteiz, Bilbo y Donostia, con el lema \u00abReconoced el trabajo de cuidados, \u00a1ahora!\u00bb,&nbsp;en defensa de un sistema y una gesti\u00f3n p\u00fablica, universal, gratuita y de calidad de los servicios sociales. <a href=\"https:\/\/www.lab.eus\/zaintza-arloaren-funtsezko-eginkizuna-aldarrikatu-du-pikete-feministak\/\">El Pikete Feminista se ha movilizado<\/a> a primera hora de la ma\u00f1ana para denunciar que el de cuidados es un sector feminizado y, por lo tanto, precarizado. Posteriormente, los sindicatos hemos llevado a cabo manifestaciones conjuntas en las capitales, cada uno con su propia columna reivindicativa.<\/p>\n\n\n\n<p>La secretaria general de LAB, Garbi\u00f1e Aranburu, que ha acudido a la movilizaci\u00f3n de Bilbo, ha se\u00f1alado que \u00abtenemos que dar pasos para construir un sistema p\u00fablico de cuidados. En primer lugar, es necesario hacer un reconocimiento pol\u00edtico, econ\u00f3mico y social de las labores de cuidados. Este reconocimiento debe trasladarse a las condiciones laborales; aumentando las contrataciones, reduciendo los ratios y mejorando los salarios. Por otro lado, denunciamos que la labor de cuidados no pueden ser fuente de negocio, mercantilizaci\u00f3n y privatizaci\u00f3n. En este sentido, es necesario elaborar un plan de publificaci\u00f3n\u00bb.<\/p>\n\n\n\n<figure class=\"wp-block-image size-large\"><img loading=\"lazy\" decoding=\"async\" width=\"1024\" height=\"619\" src=\"https:\/\/www.lab.eus\/wp-content\/uploads\/2021\/01\/ZaintzaBilbo-e1611667814861-1024x619.jpg\" alt=\"\" class=\"wp-image-30597\" srcset=\"https:\/\/www.lab.eus\/wp-content\/uploads\/2021\/01\/ZaintzaBilbo-e1611667814861-1024x619.jpg 1024w, https:\/\/www.lab.eus\/wp-content\/uploads\/2021\/01\/ZaintzaBilbo-e1611667814861-300x181.jpg 300w, https:\/\/www.lab.eus\/wp-content\/uploads\/2021\/01\/ZaintzaBilbo-e1611667814861-768x465.jpg 768w, https:\/\/www.lab.eus\/wp-content\/uploads\/2021\/01\/ZaintzaBilbo-e1611667814861-150x91.jpg 150w, https:\/\/www.lab.eus\/wp-content\/uploads\/2021\/01\/ZaintzaBilbo-e1611667814861-696x421.jpg 696w, https:\/\/www.lab.eus\/wp-content\/uploads\/2021\/01\/ZaintzaBilbo-e1611667814861-1068x646.jpg 1068w, https:\/\/www.lab.eus\/wp-content\/uploads\/2021\/01\/ZaintzaBilbo-e1611667814861-694x420.jpg 694w, https:\/\/www.lab.eus\/wp-content\/uploads\/2021\/01\/ZaintzaBilbo-e1611667814861.jpg 1468w\" sizes=\"auto, (max-width: 1024px) 100vw, 1024px\" \/><figcaption>Las trabajadoras de hogar han tomado parte en nuestra columna reivindicativa en Bilbo.<\/figcaption><\/figure>\n\n\n\n<p>En palabras de Garbi\u00f1e Aranburu, \u00abhemos visto que es necesario un cambio de modelo asistencial en el contexto actual, y para ese cambio nos parece que hay que lograr un consenso social, llevar a cabo un debate social, en el que tenemos que participar los y las trabajadoras y los sindicatos, as\u00ed como los y las usuarias y los familiares\u00bb.<\/p>\n\n\n\n<p>Seg\u00fan la secretaria general, \u00abla pandemia est\u00e1 siendo dura para los y las trabajadoras, pero se mantienen firmes para seguir luchando por un sistema p\u00fablico de cuidados. No obstante, como sociedad, todos y todas debemos reflexionar y aportar para dar pasos en favor de otro modelo de cuidados, porque todos y todas tendremos esa necesidad de ser cuidadas en alguna etapa de nuestras vidas \u00ab.<\/p>\n\n\n\n<figure class=\"wp-block-image size-large\"><img loading=\"lazy\" decoding=\"async\" width=\"1024\" height=\"768\" src=\"https:\/\/www.lab.eus\/wp-content\/uploads\/2021\/01\/ZaintzaGasteiz-1024x768.jpg\" alt=\"\" class=\"wp-image-30599\" srcset=\"https:\/\/www.lab.eus\/wp-content\/uploads\/2021\/01\/ZaintzaGasteiz-1024x768.jpg 1024w, https:\/\/www.lab.eus\/wp-content\/uploads\/2021\/01\/ZaintzaGasteiz-300x225.jpg 300w, https:\/\/www.lab.eus\/wp-content\/uploads\/2021\/01\/ZaintzaGasteiz-768x576.jpg 768w, https:\/\/www.lab.eus\/wp-content\/uploads\/2021\/01\/ZaintzaGasteiz-1536x1152.jpg 1536w, https:\/\/www.lab.eus\/wp-content\/uploads\/2021\/01\/ZaintzaGasteiz-150x113.jpg 150w, https:\/\/www.lab.eus\/wp-content\/uploads\/2021\/01\/ZaintzaGasteiz-696x522.jpg 696w, https:\/\/www.lab.eus\/wp-content\/uploads\/2021\/01\/ZaintzaGasteiz-1068x801.jpg 1068w, https:\/\/www.lab.eus\/wp-content\/uploads\/2021\/01\/ZaintzaGasteiz-1920x1440.jpg 1920w, https:\/\/www.lab.eus\/wp-content\/uploads\/2021\/01\/ZaintzaGasteiz-560x420.jpg 560w, https:\/\/www.lab.eus\/wp-content\/uploads\/2021\/01\/ZaintzaGasteiz-80x60.jpg 80w, https:\/\/www.lab.eus\/wp-content\/uploads\/2021\/01\/ZaintzaGasteiz-265x198.jpg 265w, https:\/\/www.lab.eus\/wp-content\/uploads\/2021\/01\/ZaintzaGasteiz.jpg 2048w\" sizes=\"auto, (max-width: 1024px) 100vw, 1024px\" \/><figcaption>La manifestaci\u00f3n llevada a cabo en Gasteiz.<\/figcaption><\/figure>\n\n\n\n<p>Por \u00faltimo, Garbi\u00f1e Aranburu ha denunciado la actitud del Gobierno Vasco: \u00abEn los presupuestos no se tiene en cuenta ninguna reivindicaci\u00f3n de los y las trabajadoras. De nuevo, el Gobierno Vasco nos dice que las tareas de cuidados deben ser sostenidas por mujeres y de forma precaria\u00bb.<\/p>\n","protected":false},"excerpt":{"rendered":"<p>Con motivo de la jornada de huelga de los y las trabajadoras del \u00e1mbito de cuidados de Araba, Bizkaia y Gipuzkoa hemos tomado las calles de Gasteiz, Bilbo y Donostia, con el lema \u201cReconoced el trabajo de cuidados, \u00a1ahora!\u00bb, en defensa de un sistema y una gesti\u00f3n p\u00fablica, universal, gratuita y de calidad de los servicios sociales. La secretaria general de LAB, Garbi\u00f1e Aranburu, que ha asistido a la movilizaci\u00f3n de Bilbo, ha insistido en la necesidad de construir un sistema p\u00fablico de cuidados.<\/p>\n","protected":false},"author":1189,"featured_media":30595,"comment_status":"closed","ping_status":"closed","sticky":false,"template":"","format":"standard","meta":{"_monsterinsights_skip_tracking":false,"_monsterinsights_sitenote_active":false,"_monsterinsights_sitenote_note":"","_monsterinsights_sitenote_category":0,"footnotes":"","_links_to":"","_links_to_target":""},"categories":[18,3000,6],"tags":[3178,3277,3217,3171],"class_list":{"0":"post-30602","1":"post","2":"type-post","3":"status-publish","4":"format-standard","5":"has-post-thumbnail","7":"category-es-accion-sindical","8":"category-servicio-sociocomunitario","9":"category-es-servicios-publicos","10":"tag-destacado-1","11":"tag-garbine-aranburu-es","12":"tag-servicios-sociocomunitarios","13":"tag-servicios-publicos-es"},"_links":{"self":[{"href":"https:\/\/www.lab.eus\/es\/wp-json\/wp\/v2\/posts\/30602","targetHints":{"allow":["GET"]}}],"collection":[{"href":"https:\/\/www.lab.eus\/es\/wp-json\/wp\/v2\/posts"}],"about":[{"href":"https:\/\/www.lab.eus\/es\/wp-json\/wp\/v2\/types\/post"}],"author":[{"embeddable":true,"href":"https:\/\/www.lab.eus\/es\/wp-json\/wp\/v2\/users\/1189"}],"replies":[{"embeddable":true,"href":"https:\/\/www.lab.eus\/es\/wp-json\/wp\/v2\/comments?post=30602"}],"version-history":[{"count":0,"href":"https:\/\/www.lab.eus\/es\/wp-json\/wp\/v2\/posts\/30602\/revisions"}],"wp:featuredmedia":[{"embeddable":true,"href":"https:\/\/www.lab.eus\/es\/wp-json\/wp\/v2\/media\/30595"}],"wp:attachment":[{"href":"https:\/\/www.lab.eus\/es\/wp-json\/wp\/v2\/media?parent=30602"}],"wp:term":[{"taxonomy":"category","embeddable":true,"href":"https:\/\/www.lab.eus\/es\/wp-json\/wp\/v2\/categories?post=30602"},{"taxonomy":"post_tag","embeddable":true,"href":"https:\/\/www.lab.eus\/es\/wp-json\/wp\/v2\/tags?post=30602"}],"curies":[{"name":"wp","href":"https:\/\/api.w.org\/{rel}","templated":true}]}}