{"id":30554,"date":"2021-01-25T13:49:10","date_gmt":"2021-01-25T13:49:10","guid":{"rendered":"https:\/\/www.lab.eus\/?p=30554"},"modified":"2021-01-28T11:10:24","modified_gmt":"2021-01-28T11:10:24","slug":"llamamos-a-movilizarnos-el-proximo-sabado-en-defensa-del-empleo-de-araba","status":"publish","type":"post","link":"https:\/\/www.lab.eus\/es\/llamamos-a-movilizarnos-el-proximo-sabado-en-defensa-del-empleo-de-araba\/","title":{"rendered":"Llamamos a movilizarnos el pr\u00f3ximo s\u00e1bado en defensa del empleo de Araba"},"content":{"rendered":"\n<p>Desde el sindicato LAB queremos manifestar nuestro apoyo a la manifestaci\u00f3n que, convocada por diferentes\u00a0comit\u00e9s de empresa, asociaciones y organizaciones sociales, se celebrar\u00e1 el pr\u00f3ximo d\u00eda 30 de enero en Gasteiz a las cinco de la tarde desde la Plaza de Bilbao.<\/p>\n\n\n\n<p>Hace alguna semanas hicimos p\u00fablica nuestra valoraci\u00f3n respecto a la destrucci\u00f3n y precarizaci\u00f3n de empleo en Euskal Herria, en ella denunciamos que el modelo de relaciones laborales, que ha venido imperando en los \u00faltimos a\u00f1os, estaba caduco e inservible para responder a las necesidad que hoy demanda el conjunto de la clase trabajadora.<\/p>\n\n\n\n<p>Hoy m\u00e1s que nunca es necesario construir alianzas entre diferentes sectores para responder ante las continuas agresiones que desde la patronal y el gobierno de Lakua se cometen hacia los y las trabajadoras, despidos, ERES, reducci\u00f3n de derechos, precariedad, contratos basura\u2026 un largo etc\u00e9tera que solo desde la suma podremos contrarrestar.<\/p>\n\n\n\n<p>La necesidad de la movilizaci\u00f3n social es de suma importancia, es por eso que la iniciativa que ha surgido en Gasteiz merece todo nuestro respeto y apoyo, no tenemos la mas m\u00ednima duda que estas luchas tienen que estar acompa\u00f1adas de din\u00e1micas ciudadanas, amplias y plurales. La defensa del empleo no puede estar sujeta al pairo de lecturas partidistas e interesadas.<\/p>\n\n\n\n<p>Hacemos un llamamiento a nuestra afiliaci\u00f3n, en particular, as\u00ed como al conjunto de la ciudadan\u00eda a tomar parte en esta movilizaci\u00f3n e igualmente, dentro de nuestra representatividad, apoyaremos desde los comit\u00e9s de empresa ese llamamiento.<\/p>\n\n\n\n<p>La manifestaci\u00f3n <a href=\"https:\/\/www.lab.eus\/es\/convocada-una-manifestacion-para-el-30-de-enero-en-gasteiz-en-defensa-del-empleo-en-araba\/\">\u201cAraba en defensa del empleo\u201d<\/a>, convocada por los comit\u00e9s de empresa de Aernnova, SDA, Laminaciones Arregui, Alestis y Pentsionistak Araba, trabajadoras y trabajadoras de actividades deportivas, SOS Ostalaritza y GPS se realizar\u00e1 el pr\u00f3ximo s\u00e1bado 30 de enero en Gasteiz, a las 17:00, partiendo desde la Plaza Bilbao.<\/p>\n","protected":false},"excerpt":{"rendered":"<p>La manifestaci\u00f3n \u201cAraba en defensa del empleo\u201d, convocada por los comit\u00e9s de empresa de Aernnova, SDA, Laminaciones Arregui, Alestis y Pentsionistak Araba, trabajadoras y trabajadoras de actividades deportivas, SOS Ostalaritza y GPS se realizar\u00e1 el pr\u00f3ximo s\u00e1bado 30 de enero en Gasteiz, a las 17:00, partiendo desde la Plaza Bilbao.<\/p>\n","protected":false},"author":1189,"featured_media":30558,"comment_status":"closed","ping_status":"closed","sticky":false,"template":"","format":"standard","meta":{"_monsterinsights_skip_tracking":false,"_monsterinsights_sitenote_active":false,"_monsterinsights_sitenote_note":"","_monsterinsights_sitenote_category":0,"footnotes":"","_links_to":"","_links_to_target":""},"categories":[3283],"tags":[],"class_list":{"0":"post-30554","1":"post","2":"type-post","3":"status-publish","4":"format-standard","5":"has-post-thumbnail","7":"category-sin-categorizar"},"_links":{"self":[{"href":"https:\/\/www.lab.eus\/es\/wp-json\/wp\/v2\/posts\/30554","targetHints":{"allow":["GET"]}}],"collection":[{"href":"https:\/\/www.lab.eus\/es\/wp-json\/wp\/v2\/posts"}],"about":[{"href":"https:\/\/www.lab.eus\/es\/wp-json\/wp\/v2\/types\/post"}],"author":[{"embeddable":true,"href":"https:\/\/www.lab.eus\/es\/wp-json\/wp\/v2\/users\/1189"}],"replies":[{"embeddable":true,"href":"https:\/\/www.lab.eus\/es\/wp-json\/wp\/v2\/comments?post=30554"}],"version-history":[{"count":0,"href":"https:\/\/www.lab.eus\/es\/wp-json\/wp\/v2\/posts\/30554\/revisions"}],"wp:featuredmedia":[{"embeddable":true,"href":"https:\/\/www.lab.eus\/es\/wp-json\/wp\/v2\/media\/30558"}],"wp:attachment":[{"href":"https:\/\/www.lab.eus\/es\/wp-json\/wp\/v2\/media?parent=30554"}],"wp:term":[{"taxonomy":"category","embeddable":true,"href":"https:\/\/www.lab.eus\/es\/wp-json\/wp\/v2\/categories?post=30554"},{"taxonomy":"post_tag","embeddable":true,"href":"https:\/\/www.lab.eus\/es\/wp-json\/wp\/v2\/tags?post=30554"}],"curies":[{"name":"wp","href":"https:\/\/api.w.org\/{rel}","templated":true}]}}