{"id":30550,"date":"2021-01-25T12:56:50","date_gmt":"2021-01-25T12:56:50","guid":{"rendered":"https:\/\/www.lab.eus\/?p=30550"},"modified":"2021-01-25T12:57:18","modified_gmt":"2021-01-25T12:57:18","slug":"ela-ccoo-y-ugt-han-llevado-de-nuevo-a-los-y-las-trabajadoras-de-colectividades-y-de-la-hosteleria-en-general-a-una-congelacion-salarial","status":"publish","type":"post","link":"https:\/\/www.lab.eus\/es\/ela-ccoo-y-ugt-han-llevado-de-nuevo-a-los-y-las-trabajadoras-de-colectividades-y-de-la-hosteleria-en-general-a-una-congelacion-salarial\/","title":{"rendered":"ELA, CCOO y UGT han llevado de nuevo a los y las trabajadoras de colectividades y de la hosteler\u00eda de Bizkaia a una congelaci\u00f3n salarial"},"content":{"rendered":"\n<p>ELA, CCOO y UGT han firmado una prorroga de 6 meses para el convenio de hosteler\u00eda de Bizkaia sin incremento salarial y sin mejora alguna.<\/p>\n\n\n\n<p>En pasado mes de octubre, la patronal de Hosteler\u00eda de Bizkaia solicit\u00f3 la apertura de la mesa de negociaci\u00f3n para un nuevo convenio de Hosteler\u00eda de Bizkaia, ya que su vigencia finalizaba el 31 de diciembre.<\/p>\n\n\n\n<p>La patronal no ha tenido en ning\u00fan momento la intenci\u00f3n de negociar un nuevo convenio, sino firmar una prorroga del actual de 6 meses, con congelaci\u00f3n salarial y sin mejora alguna; y as\u00ed a sido \u201cgracias\u201d a la firma de ELA, CCOO y UGT.<\/p>\n\n\n\n<p>Adem\u00e1s, la patronal utiliz\u00f3 como amenaza la no renovaci\u00f3n de acuerdo marco de la CAPV de hosteler\u00eda, el cual se prorrog\u00f3 por si solo al no ser denunciado por ninguna de las partes.<\/p>\n\n\n\n<p>El sindicato LAB no firm\u00f3 el anterior convenio de hosteler\u00eda de Bizkaia, y en esta ocasi\u00f3n la prorroga tampoco.\u00a0ELA, CCOO y UGT han llevado de nuevo a los y las trabajadoras de colectividades y de la hosteler\u00eda en general,\u00a0\u00a0a una congelaci\u00f3n salarial\u00a0\u00a0sin mejora alguna, en definitiva a m\u00e1s precariedad.<\/p>\n\n\n\n<p>Ya manifestamos en la mesa de negociaci\u00f3n la necesidad de abrir una mesa para la negociaci\u00f3n de un convenio de colectividades a nivel de la CAPV, a lo que ELA y CCOO no hicieron menci\u00f3n alguna. No hay que olvidar que la gran mayor\u00eda del sector de colectividades son mujeres, con contratos precarios y jornadas parciales, y que gran parte del sector ha estado desde el mes de Marzo en ERTE, continuando a fecha de hoy un n\u00famero importante de ellas en esa misma situaci\u00f3n (comedores de empresa, cocinas centrales, administraci\u00f3n, \u2026)<\/p>\n\n\n\n<p>En el mes de diciembre CCOO y UGT tambi\u00e9n firmaron en Madrid el convenio estatal de restauraci\u00f3n colectiva con congelaci\u00f3n salarial para el a\u00f1o 2020 y 2021. En Bizkaia, han hecho lo mismo, pero esta vez junto con el sindicato ELA.<\/p>\n\n\n\n<p>Y para terminar hacemos un llamamiento a la mayor\u00eda sindical vasca y a la patronal de colectividades en particular, para que se sienten a negociar la apertura de una mesa para un convenio de colectividades a nivel de la CAPV.<\/p>\n","protected":false},"excerpt":{"rendered":"<p>ELA, CCOO y UGT han firmado una prorroga de 6 meses para el convenio de hosteler\u00eda de Bizkaia sin incremento salarial y sin mejora alguna.<\/p>\n","protected":false},"author":1189,"featured_media":30513,"comment_status":"closed","ping_status":"closed","sticky":false,"template":"","format":"standard","meta":{"_monsterinsights_skip_tracking":false,"_monsterinsights_sitenote_active":false,"_monsterinsights_sitenote_note":"","_monsterinsights_sitenote_category":0,"footnotes":"","_links_to":"","_links_to_target":""},"categories":[18,2956,8],"tags":[3033,3172],"class_list":{"0":"post-30550","1":"post","2":"type-post","3":"status-publish","4":"format-standard","5":"has-post-thumbnail","7":"category-es-accion-sindical","8":"category-hosteleria","9":"category-es-servicios-privados","10":"tag-accion-sindical-es","11":"tag-servicios-privados-es"},"_links":{"self":[{"href":"https:\/\/www.lab.eus\/es\/wp-json\/wp\/v2\/posts\/30550","targetHints":{"allow":["GET"]}}],"collection":[{"href":"https:\/\/www.lab.eus\/es\/wp-json\/wp\/v2\/posts"}],"about":[{"href":"https:\/\/www.lab.eus\/es\/wp-json\/wp\/v2\/types\/post"}],"author":[{"embeddable":true,"href":"https:\/\/www.lab.eus\/es\/wp-json\/wp\/v2\/users\/1189"}],"replies":[{"embeddable":true,"href":"https:\/\/www.lab.eus\/es\/wp-json\/wp\/v2\/comments?post=30550"}],"version-history":[{"count":0,"href":"https:\/\/www.lab.eus\/es\/wp-json\/wp\/v2\/posts\/30550\/revisions"}],"wp:featuredmedia":[{"embeddable":true,"href":"https:\/\/www.lab.eus\/es\/wp-json\/wp\/v2\/media\/30513"}],"wp:attachment":[{"href":"https:\/\/www.lab.eus\/es\/wp-json\/wp\/v2\/media?parent=30550"}],"wp:term":[{"taxonomy":"category","embeddable":true,"href":"https:\/\/www.lab.eus\/es\/wp-json\/wp\/v2\/categories?post=30550"},{"taxonomy":"post_tag","embeddable":true,"href":"https:\/\/www.lab.eus\/es\/wp-json\/wp\/v2\/tags?post=30550"}],"curies":[{"name":"wp","href":"https:\/\/api.w.org\/{rel}","templated":true}]}}