{"id":30467,"date":"2021-01-22T10:03:36","date_gmt":"2021-01-22T10:03:36","guid":{"rendered":"https:\/\/www.lab.eus\/?p=30467"},"modified":"2021-01-22T11:11:58","modified_gmt":"2021-01-22T11:11:58","slug":"hemos-exigido-al-gobierno-vasco-que-haga-una-apuesta-real-por-los-comedores-escolares","status":"publish","type":"post","link":"https:\/\/www.lab.eus\/es\/hemos-exigido-al-gobierno-vasco-que-haga-una-apuesta-real-por-los-comedores-escolares\/","title":{"rendered":"Hemos exigido al Gobierno Vasco que haga una apuesta real por los comedores escolares"},"content":{"rendered":"\n<p>Trabajadoras y trabajadores de comedores escolares de la CAV se han concentrado en Lakua para exigir al departamento de Educaci\u00f3n del Gobierno Vasco que haga una apuesta real por los comedores escolares y que cree una mesa de di\u00e1logo con la representaci\u00f3n de los y las trabajadoras para hablar de los ratios y el mantenimiento del empleo y las condiciones laborales.<\/p>\n\n\n\n<p>Aunque el Departamento de Educaci\u00f3n del Gobierno Vasco haya puesto recursos en los comedores escolares, siguen siendo insuficientes para poder dar un servicio seguro y de calidad, que es lo que estamos reivindicando desde el inicio del curso. Los y las trabajadoras est\u00e1n haciendo un gran esfuerzo para poder dar el mejor servicio posible dentro de la situaci\u00f3n de COVID que estamos pasando.<\/p>\n\n\n\n<p>Es imprescindible que el departamento dirigido por Jokin Bildarratz se siente a hablar con los y las representantes de las trabajadoras, que pongan encima de la mesa la revisi\u00f3n de ratios, las condiciones laborales y el mantenimiento de los puestos de trabajo, as\u00ed como la seguridad de todas las trabajadoras; en definitiva, que cumpla su palabra.<\/p>\n\n\n\n<p>Desde el sindicato LAB siempre hemos defendido que el comedor escolar es un espacio educativo m\u00e1s del centro escolar y no un mero servicio complementario, tal y como el Departamento de Educaci\u00f3n nos hizo saber en la reuni\u00f3n mantenida la semana pasada. No les importa lo mas m\u00ednimo, ni el alumnado ni las trabajadoras. En el comedor no solo se va a comer, sino que es un lugar donde se sigue educando y aprendiendo.<\/p>\n","protected":false},"excerpt":{"rendered":"<p>Trabajadoras y trabajadores de comedores escolares de la CAV se han concentrado en Lakua para exigir al departamento de Educaci\u00f3n del Gobierno Vasco que haga una apuesta real por los comedores escolares y que cree una mesa de di\u00e1logo con la representaci\u00f3n de los y las trabajadoras para hablar de los ratios y el mantenimiento del empleo y las condiciones laborales.<\/p>\n","protected":false},"author":1189,"featured_media":30494,"comment_status":"closed","ping_status":"closed","sticky":false,"template":"","format":"standard","meta":{"_monsterinsights_skip_tracking":false,"_monsterinsights_sitenote_active":false,"_monsterinsights_sitenote_note":"","_monsterinsights_sitenote_category":0,"footnotes":"","_links_to":"","_links_to_target":""},"categories":[18,3058,33,6],"tags":[3178,3194,3171],"class_list":{"0":"post-30467","1":"post","2":"type-post","3":"status-publish","4":"format-standard","5":"has-post-thumbnail","7":"category-es-accion-sindical","8":"category-cocinas-y-limpieza","9":"category-es-ensenanza","10":"category-es-servicios-publicos","11":"tag-destacado-1","12":"tag-ensenanza-es","13":"tag-servicios-publicos-es"},"_links":{"self":[{"href":"https:\/\/www.lab.eus\/es\/wp-json\/wp\/v2\/posts\/30467","targetHints":{"allow":["GET"]}}],"collection":[{"href":"https:\/\/www.lab.eus\/es\/wp-json\/wp\/v2\/posts"}],"about":[{"href":"https:\/\/www.lab.eus\/es\/wp-json\/wp\/v2\/types\/post"}],"author":[{"embeddable":true,"href":"https:\/\/www.lab.eus\/es\/wp-json\/wp\/v2\/users\/1189"}],"replies":[{"embeddable":true,"href":"https:\/\/www.lab.eus\/es\/wp-json\/wp\/v2\/comments?post=30467"}],"version-history":[{"count":0,"href":"https:\/\/www.lab.eus\/es\/wp-json\/wp\/v2\/posts\/30467\/revisions"}],"wp:featuredmedia":[{"embeddable":true,"href":"https:\/\/www.lab.eus\/es\/wp-json\/wp\/v2\/media\/30494"}],"wp:attachment":[{"href":"https:\/\/www.lab.eus\/es\/wp-json\/wp\/v2\/media?parent=30467"}],"wp:term":[{"taxonomy":"category","embeddable":true,"href":"https:\/\/www.lab.eus\/es\/wp-json\/wp\/v2\/categories?post=30467"},{"taxonomy":"post_tag","embeddable":true,"href":"https:\/\/www.lab.eus\/es\/wp-json\/wp\/v2\/tags?post=30467"}],"curies":[{"name":"wp","href":"https:\/\/api.w.org\/{rel}","templated":true}]}}