{"id":30447,"date":"2021-01-21T13:51:08","date_gmt":"2021-01-21T13:51:08","guid":{"rendered":"https:\/\/www.lab.eus\/?p=30447"},"modified":"2021-01-21T13:51:10","modified_gmt":"2021-01-21T13:51:10","slug":"convocada-una-manifestacion-para-el-30-de-enero-en-gasteiz-en-defensa-del-empleo-en-araba","status":"publish","type":"post","link":"https:\/\/www.lab.eus\/es\/convocada-una-manifestacion-para-el-30-de-enero-en-gasteiz-en-defensa-del-empleo-en-araba\/","title":{"rendered":"Convocada una manifestaci\u00f3n para el 30 de enero en Gasteiz, en defensa del empleo en Araba"},"content":{"rendered":"\n<p>Agentes de diferentes sectores han llamado a participar en la manifestaci\u00f3n que tendr\u00e1 lugar a las 17:00, con inicio en la Plaza Bilbao. Entre los convocantes est\u00e1n los comit\u00e9s de empresa de Aernnova, SDA, Laminaciones Arregui y Alestis y Pentsionistak Araba, trabajadoras y trabajadores de actividades deportivas, SOS Ostalaritza y GPS.<\/p>\n\n\n\n<p>Este es el comunicado emitido con motivo de la comparecencia realizada para anunciar la movilizaci\u00f3n:<\/p>\n\n\n\n<p>En estos \u00faltimos meses somos muchas las empresas y sectores que hemos salido a la calle para denunciar despidos, EREs, reducci\u00f3n de derechos, mercantilizaci\u00f3n de los cuidados, cierres forzados, recortes en servicios p\u00fablicos, falta de contrataciones,&#8230;.&nbsp;&nbsp;&nbsp;&nbsp;&nbsp;&nbsp;&nbsp;&nbsp;&nbsp;&nbsp;&nbsp;&nbsp;&nbsp;&nbsp;&nbsp;&nbsp;&nbsp;&nbsp;&nbsp;&nbsp;&nbsp;&nbsp;&nbsp;&nbsp;&nbsp;&nbsp;&nbsp;&nbsp;&nbsp;&nbsp;&nbsp;&nbsp;&nbsp;&nbsp;&nbsp;&nbsp;&nbsp;&nbsp;&nbsp;&nbsp;&nbsp;&nbsp;&nbsp;&nbsp;&nbsp;&nbsp;&nbsp;&nbsp;&nbsp;&nbsp;&nbsp;&nbsp;&nbsp;&nbsp;&nbsp;&nbsp;&nbsp;&nbsp;&nbsp;&nbsp;&nbsp;&nbsp;&nbsp;&nbsp;&nbsp;&nbsp;&nbsp;&nbsp;&nbsp;&nbsp;&nbsp;&nbsp;&nbsp;&nbsp;&nbsp;&nbsp;&nbsp;&nbsp;&nbsp;&nbsp;&nbsp;&nbsp;&nbsp;&nbsp;&nbsp;&nbsp;&nbsp;&nbsp;&nbsp;&nbsp;&nbsp;&nbsp;&nbsp;&nbsp;&nbsp;&nbsp;&nbsp;&nbsp;&nbsp;&nbsp;&nbsp;&nbsp;&nbsp;&nbsp;&nbsp;&nbsp;&nbsp;&nbsp;&nbsp;&nbsp;&nbsp;&nbsp;&nbsp;&nbsp;&nbsp;&nbsp;&nbsp;&nbsp;&nbsp;&nbsp;&nbsp;&nbsp;&nbsp;&nbsp;&nbsp;&nbsp;&nbsp;&nbsp;&nbsp;&nbsp;&nbsp;&nbsp;&nbsp;&nbsp;&nbsp;&nbsp;&nbsp;&nbsp;&nbsp;&nbsp;&nbsp;&nbsp;&nbsp;&nbsp;&nbsp;&nbsp;&nbsp;&nbsp;&nbsp;&nbsp;&nbsp;&nbsp;&nbsp;&nbsp;&nbsp;&nbsp;&nbsp;&nbsp;&nbsp;&nbsp;<\/p>\n\n\n\n<p>Cuando hemos salido a la calle hemos visto la solidaridad y el apoyo de cientos de personas. Esa lucha constante nos ha hecho conscientes de que la actual situaci\u00f3n, lejos de ser un problema individual o de un sector determinado, traspasa centros de trabajo y afecta al conjunto de la ciudadan\u00eda.<\/p>\n\n\n\n<p>No podemos mirar para otro lado porque nadie est\u00e1 a salvo, este ataque sistem\u00e1tico al empleo digno nos puede afectar a cualquiera.\u00a0<\/p>\n\n\n\n<p>No podemos limitarnos a contemplar como el esfuerzo de a\u00f1os, de miles de trabajadores y trabajadoras, se pone en jake responsabiliz\u00e1ndoles de los errores de la administraci\u00f3n en la gesti\u00f3n de la pandemia.<\/p>\n\n\n\n<p>\u00a0No podemos permanecer impasibles ante la realidad de que el desempleo y el empleo precario actual afecta a j\u00f3venes, mujeres, personas racializadas, personas en edad de trabajar, pero tambi\u00e9n afecta tambi\u00e9n a las pensiones futuras, algo que viene denunciando desde hace tiempo el colectivo de pensionistas.<\/p>\n\n\n\n<p>\u00a0No podemos permanecer al margen mientras desmantelan nuestro tejido productivo y arrasan los derechos quienes reciben subvenciones y ayudas de las administraciones. Por eso, la lucha y la reivindicaci\u00f3n crece y se fortalece caminando de modo conjunto.<\/p>\n\n\n\n<p>\u00a0Y precisamente eso es lo que desde estos Comit\u00e9s de Empresa, sectores y colectivos proponemos:\u00a0una manifestaci\u00f3n conjunta, global, plural de todos las empresas y sectores que viven una situaci\u00f3n comprometida con el empleo digno por cualquier causa. Una convocatoria que vamos a trasladar a las empresas y sectores afectados para que la hagan propia y participen en la misma. Y queremos tambi\u00e9n que, desde esa convocatoria conjunta, la ciudadan\u00eda sea part\u00edcipe de esta movilizaci\u00f3n y se convierta en una respuesta social conjunta y masiva.<\/p>\n\n\n\n<p>La defensa del empleo digno en Araba, con sus consecuencias sobre los derechos sociales, los cuidados, los servicios p\u00fablicos,&#8230; es una reivindicaci\u00f3n en la que el conjunto de la sociedad se tiene que implicar y que las Administraciones tienen que escuchar alto y claro.<\/p>\n","protected":false},"excerpt":{"rendered":"<p>Agentes de diferentes sectores han llamado a participar en la manifestaci\u00f3n que tendr\u00e1 lugar a las 17:00, con inicio en la Plaza Bilbao. Entre los convocantes est\u00e1n los comit\u00e9s de empresa de Aernnova, SDA, Laminaciones Arregui y Alestis y Pentsionistak Araba, trabajadoras y trabajadores de actividades deportivas, SOS Ostalaritza y GPS.<\/p>\n","protected":false},"author":1189,"featured_media":30446,"comment_status":"closed","ping_status":"closed","sticky":false,"template":"","format":"standard","meta":{"_monsterinsights_skip_tracking":false,"_monsterinsights_sitenote_active":false,"_monsterinsights_sitenote_note":"","_monsterinsights_sitenote_category":0,"footnotes":"","_links_to":"","_links_to_target":""},"categories":[18,2867,2956,2868,22,8],"tags":[2996,3172],"class_list":{"0":"post-30447","1":"post","2":"type-post","3":"status-publish","4":"format-standard","5":"has-post-thumbnail","7":"category-es-accion-sindical","8":"category-federaciones","9":"category-hosteleria","10":"category-industria-es","11":"category-es-pensionistas","12":"category-es-servicios-privados","13":"tag-industria-es","14":"tag-servicios-privados-es"},"_links":{"self":[{"href":"https:\/\/www.lab.eus\/es\/wp-json\/wp\/v2\/posts\/30447","targetHints":{"allow":["GET"]}}],"collection":[{"href":"https:\/\/www.lab.eus\/es\/wp-json\/wp\/v2\/posts"}],"about":[{"href":"https:\/\/www.lab.eus\/es\/wp-json\/wp\/v2\/types\/post"}],"author":[{"embeddable":true,"href":"https:\/\/www.lab.eus\/es\/wp-json\/wp\/v2\/users\/1189"}],"replies":[{"embeddable":true,"href":"https:\/\/www.lab.eus\/es\/wp-json\/wp\/v2\/comments?post=30447"}],"version-history":[{"count":0,"href":"https:\/\/www.lab.eus\/es\/wp-json\/wp\/v2\/posts\/30447\/revisions"}],"wp:featuredmedia":[{"embeddable":true,"href":"https:\/\/www.lab.eus\/es\/wp-json\/wp\/v2\/media\/30446"}],"wp:attachment":[{"href":"https:\/\/www.lab.eus\/es\/wp-json\/wp\/v2\/media?parent=30447"}],"wp:term":[{"taxonomy":"category","embeddable":true,"href":"https:\/\/www.lab.eus\/es\/wp-json\/wp\/v2\/categories?post=30447"},{"taxonomy":"post_tag","embeddable":true,"href":"https:\/\/www.lab.eus\/es\/wp-json\/wp\/v2\/tags?post=30447"}],"curies":[{"name":"wp","href":"https:\/\/api.w.org\/{rel}","templated":true}]}}