{"id":30418,"date":"2021-01-21T10:10:29","date_gmt":"2021-01-21T10:10:29","guid":{"rendered":"https:\/\/www.lab.eus\/?p=30418"},"modified":"2021-01-21T10:10:30","modified_gmt":"2021-01-21T10:10:30","slug":"hemos-iniciado-una-campana-contra-la-congelacion-salarial-a-las-y-los-trabajadores-de-banca","status":"publish","type":"post","link":"https:\/\/www.lab.eus\/es\/hemos-iniciado-una-campana-contra-la-congelacion-salarial-a-las-y-los-trabajadores-de-banca\/","title":{"rendered":"Hemos iniciado una campa\u00f1a contra la congelaci\u00f3n salarial a las y los trabajadores de banca"},"content":{"rendered":"\n<p>Los sindicatos LAB y ELA, junto al gallego CIG y el catal\u00e1n Intersindical CSC, hemos iniciado <a href=\"http:\/\/cutt.ly\/fjSfsai\">una recogida de firmas v\u00eda internet<\/a> contra la congelaci\u00f3n salarial a las y los trabajadores de banca que pretende la Patronal AEB y que los sindicatos CCOO-UGT-FINE ya han aceptado, de momento, por dos a\u00f1os.<\/p>\n\n\n\n<p>Los sindicatos promotores de esta campa\u00f1a entendemos la congelaci\u00f3n salarial como un atraco a las plantillas de banca mientras los bancos contin\u00faan obteniendo grandes beneficios y no dudan en destruir miles de empleos a\u00f1o tras a\u00f1o.<\/p>\n\n\n\n<p>Que la Patronal pretendan que seamos las y los trabajadores del sector quienes hagamos nuevos sacrificios y no se quiera ni garantizar nuestro poder adquisitivo y que algunos sindicatos hayan cedido ya a sus pretensiones, entendemos es un atraco inaceptable que necesita ser conocido por las plantillas de banca y as\u00ed puedan expresar su rechazo a tal medida.<\/p>\n\n\n\n<p>Una vez m\u00e1s los sindicatos promotores queremos poner de manifiesto la necesidad de un convenio de banca en nuestros \u00e1mbitos territoriales propios donde podamos evitar las continuas cesiones a la patronal en los convenios estatales.<\/p>\n\n\n\n<p>Por todo ello, adem\u00e1s de remitir a las plantillas de banca un comunicado informando de esa pretensi\u00f3n patronal y la aceptaci\u00f3n de algunos sindicatos de dicha congelaci\u00f3n salarial, hemos elaborado un manifiesto para que las y los trabajadores de banca puedan expresar con su firma el rechazo a la congelaci\u00f3n salarial.<\/p>\n","protected":false},"excerpt":{"rendered":"<p>Los sindicatos LAB y ELA, junto al gallego CIG y el catal\u00e1n Intersindical CSC, hemos iniciado una recogida de firmas v\u00eda internet contra la congelaci\u00f3n salarial a las y los trabajadores de banca que pretende la Patronal AEB y que los sindicatos CCOO-UGT-FINE ya han aceptado, de momento, por dos a\u00f1os.<\/p>\n","protected":false},"author":1189,"featured_media":30420,"comment_status":"closed","ping_status":"closed","sticky":false,"template":"","format":"standard","meta":{"_monsterinsights_skip_tracking":false,"_monsterinsights_sitenote_active":false,"_monsterinsights_sitenote_note":"","_monsterinsights_sitenote_category":0,"footnotes":"","_links_to":"","_links_to_target":""},"categories":[18,2936,8],"tags":[3033,3172],"class_list":{"0":"post-30418","1":"post","2":"type-post","3":"status-publish","4":"format-standard","5":"has-post-thumbnail","7":"category-es-accion-sindical","8":"category-banca","9":"category-es-servicios-privados","10":"tag-accion-sindical-es","11":"tag-servicios-privados-es"},"_links":{"self":[{"href":"https:\/\/www.lab.eus\/es\/wp-json\/wp\/v2\/posts\/30418","targetHints":{"allow":["GET"]}}],"collection":[{"href":"https:\/\/www.lab.eus\/es\/wp-json\/wp\/v2\/posts"}],"about":[{"href":"https:\/\/www.lab.eus\/es\/wp-json\/wp\/v2\/types\/post"}],"author":[{"embeddable":true,"href":"https:\/\/www.lab.eus\/es\/wp-json\/wp\/v2\/users\/1189"}],"replies":[{"embeddable":true,"href":"https:\/\/www.lab.eus\/es\/wp-json\/wp\/v2\/comments?post=30418"}],"version-history":[{"count":0,"href":"https:\/\/www.lab.eus\/es\/wp-json\/wp\/v2\/posts\/30418\/revisions"}],"wp:featuredmedia":[{"embeddable":true,"href":"https:\/\/www.lab.eus\/es\/wp-json\/wp\/v2\/media\/30420"}],"wp:attachment":[{"href":"https:\/\/www.lab.eus\/es\/wp-json\/wp\/v2\/media?parent=30418"}],"wp:term":[{"taxonomy":"category","embeddable":true,"href":"https:\/\/www.lab.eus\/es\/wp-json\/wp\/v2\/categories?post=30418"},{"taxonomy":"post_tag","embeddable":true,"href":"https:\/\/www.lab.eus\/es\/wp-json\/wp\/v2\/tags?post=30418"}],"curies":[{"name":"wp","href":"https:\/\/api.w.org\/{rel}","templated":true}]}}