{"id":30402,"date":"2021-01-20T14:29:20","date_gmt":"2021-01-20T14:29:20","guid":{"rendered":"https:\/\/www.lab.eus\/?p=30402"},"modified":"2021-01-20T14:41:24","modified_gmt":"2021-01-20T14:41:24","slug":"denunciamos-la-actitud-de-los-gerentes-dimitidos-en-osakidetza","status":"publish","type":"post","link":"https:\/\/www.lab.eus\/es\/denunciamos-la-actitud-de-los-gerentes-dimitidos-en-osakidetza\/","title":{"rendered":"Denunciamos la actitud de los gerentes dimitidos en Osakidetza"},"content":{"rendered":"\n<p>El sindicato LAB de Osakidetza quiere denunciar la actuaci\u00f3n de los ya ex gerentes de Santa Marina y de la OSI Bilbao- Basurto, que salt\u00e1ndose el protocolo establecido para la vacunaci\u00f3n del personal de Osakidetza y vali\u00e9ndose de su cargo como gerentes, han sido recientemente vacunados contra el COVID-19, cuando no les correspond\u00eda.<\/p>\n\n\n\n<p>Una vez m\u00e1s sale a la luz el nepotismo reinante en Osakidetza, el doble discurso, la propaganda barata y la impunidad con la que pueden actuar sus jefaturas. Los mismos gerentes que han criticado ferozmente las movilizaciones de la plantilla de Osakidetza y la han acusado de poco responsable por defender sus derechos en medio de la pandemia COVID, nos muestran su verdadera cara como verdaderos se\u00f1oritos de cortijo o \u201cjauntxos\u201d, salt\u00e1ndose en beneficio propio todos los protocolos.<\/p>\n\n\n\n<p>Es la misma forma de actuar y la misma impunidad con la que la Direcci\u00f3n de Osakidetza y muchos jefes y jefas de servicio han actuado en relaci\u00f3n a las OPEs fraudulentas y por las que ahora se enfrentan a un proceso penal en el que LAB ejerce la acusaci\u00f3n popular.<\/p>\n\n\n\n<p>Desde LAB exigimos ir m\u00e1s all\u00e1 de las dimisiones. Exigimos una investigaci\u00f3n imparcial que aclare c\u00f3mo han ocurrido los hechos, que depure todo tipo de responsabilidades y que aclare si esta pr\u00e1ctica se ha producido en otras OSIs y se han vacunado personas que no ten\u00edan que hacerlo, vali\u00e9ndose de su poder o su cargo.<\/p>\n\n\n\n<p>Hoy m\u00e1s que nunca queda patente la urgente necesidad de democratizar de arriba abajo Osakidetza y dotarla de jefaturas que verdaderamente se preocupen por nuestro sistema sanitario p\u00fablico y la salud de sus miles de trabajadoras.<\/p>\n","protected":false},"excerpt":{"rendered":"<p>El sindicato LAB de Osakidetza quiere denunciar la actuaci\u00f3n de los ya ex gerentes de Santa Marina y de la OSI Bilbao- Basurto, que salt\u00e1ndose el protocolo establecido para la vacunaci\u00f3n del personal de Osakidetza y vali\u00e9ndose de su cargo como gerentes, han sido recientemente vacunados contra el COVID-19, cuando no les correspond\u00eda.<\/p>\n","protected":false},"author":1189,"featured_media":30404,"comment_status":"closed","ping_status":"closed","sticky":false,"template":"","format":"standard","meta":{"_monsterinsights_skip_tracking":false,"_monsterinsights_sitenote_active":false,"_monsterinsights_sitenote_note":"","_monsterinsights_sitenote_category":0,"footnotes":"","_links_to":"","_links_to_target":""},"categories":[3097,3126,6],"tags":[3195,3100,3171],"class_list":{"0":"post-30402","1":"post","2":"type-post","3":"status-publish","4":"format-standard","5":"has-post-thumbnail","7":"category-sanidad","8":"category-sanidad-es","9":"category-es-servicios-publicos","10":"tag-osakidetza-es","11":"tag-sanidad-es","12":"tag-servicios-publicos-es"},"_links":{"self":[{"href":"https:\/\/www.lab.eus\/es\/wp-json\/wp\/v2\/posts\/30402","targetHints":{"allow":["GET"]}}],"collection":[{"href":"https:\/\/www.lab.eus\/es\/wp-json\/wp\/v2\/posts"}],"about":[{"href":"https:\/\/www.lab.eus\/es\/wp-json\/wp\/v2\/types\/post"}],"author":[{"embeddable":true,"href":"https:\/\/www.lab.eus\/es\/wp-json\/wp\/v2\/users\/1189"}],"replies":[{"embeddable":true,"href":"https:\/\/www.lab.eus\/es\/wp-json\/wp\/v2\/comments?post=30402"}],"version-history":[{"count":0,"href":"https:\/\/www.lab.eus\/es\/wp-json\/wp\/v2\/posts\/30402\/revisions"}],"wp:featuredmedia":[{"embeddable":true,"href":"https:\/\/www.lab.eus\/es\/wp-json\/wp\/v2\/media\/30404"}],"wp:attachment":[{"href":"https:\/\/www.lab.eus\/es\/wp-json\/wp\/v2\/media?parent=30402"}],"wp:term":[{"taxonomy":"category","embeddable":true,"href":"https:\/\/www.lab.eus\/es\/wp-json\/wp\/v2\/categories?post=30402"},{"taxonomy":"post_tag","embeddable":true,"href":"https:\/\/www.lab.eus\/es\/wp-json\/wp\/v2\/tags?post=30402"}],"curies":[{"name":"wp","href":"https:\/\/api.w.org\/{rel}","templated":true}]}}