{"id":30338,"date":"2021-01-20T10:36:41","date_gmt":"2021-01-20T10:36:41","guid":{"rendered":"https:\/\/www.lab.eus\/?p=30338"},"modified":"2021-01-20T10:37:00","modified_gmt":"2021-01-20T10:37:00","slug":"agentes-sindicales-sociales-y-vecinales-de-bilbo-se-unen-ante-el-cierre-del-punto-de-atencion-continuada-de-deusto-en-horario-nocturno","status":"publish","type":"post","link":"https:\/\/www.lab.eus\/es\/agentes-sindicales-sociales-y-vecinales-de-bilbo-se-unen-ante-el-cierre-del-punto-de-atencion-continuada-de-deusto-en-horario-nocturno\/","title":{"rendered":"Agentes sindicales, sociales y vecinales de Bilbo nos hemos unido ante el cierre del Punto de Atenci\u00f3n Continuada de Deusto en horario nocturno"},"content":{"rendered":"\n<p>Representantes del personal sanitario del PAC de Deusto, Osalde, Bilboko Elkartasun Sareak, Lehen Arreta Arnasberritzen, LAB, SATSE, ELA, CCOO, UGT, ESK y la FAVB-BAEF\u00a0llamamos a la ciudadan\u00eda a movilizarse el 6 de febrero en defensa de la Atenci\u00f3n Primaria de Osakidetza y contra los recortes.<\/p>\n\n\n\n<p>Los agentes citados exponemos la necesidad de\u00a0visibilizar y denunciar los recortes que desde hace a\u00f1os se vienen llevando a cabo en los servicios de atenci\u00f3n primaria de los Centros de Salud de nuestros barrios.\u00a0Son ejemplo de ello el traslado del servicio de pediatr\u00eda en Abando o La Merced, o la desaparici\u00f3n del servicio del Punto de Atenci\u00f3n Continuada (PAC) de Deusto en horario nocturno. Asimismo, manifestamos nuestra preocupaci\u00f3n ante la\u00a0insuficiencia de recursos para realizar en las mejores condiciones la campa\u00f1a de vacunaci\u00f3n contra la COVID-19\u00a0y desempe\u00f1ar una atenci\u00f3n presencial integral.<\/p>\n\n\n\n<p>Adem\u00e1s de transmitir la preocupaci\u00f3n por estos recortes, recordamos que\u00a0el hecho de no garantizar un servicio de atenci\u00f3n primaria completo y adaptado a las necesidades de la ciudadan\u00eda contribuye a mermar la sanidad p\u00fablica,\u00a0siendo \u00e9sta la \u00fanica que garantiza el derecho a la salud en igualdad de condiciones. Tambi\u00e9n se\u00f1alamos que al mismo tiempo que se observa la disminuci\u00f3n de los servicios de atenci\u00f3n primaria presencial en los centros de Osakidetza, las iniciativas privadas se extienden por la ciudad y aumentan su oferta. Del mismo modo, subrayamos que en el contexto actual, condicionado por la COVID 19, consideramos m\u00e1s indispensable si cabe reforzar la sanidad p\u00fablica e invertir en la prevenci\u00f3n y la atenci\u00f3n primaria. Una atenci\u00f3n que a trav\u00e9s de los Centros de Salud de los barrios y de servicios como el PAC de Deusto, adem\u00e1s de garantizar un servicio cercano e integral, constituye una herramienta indispensable para articular la salud comunitaria.<\/p>\n\n\n\n<p>Es por ello por lo que\u00a0instamos a la direcci\u00f3n de Osakidetza a reconsiderar el cierre del PAC de Deusto en su horario nocturno, as\u00ed como los recortes llevados a cabo en otros servicios de atenci\u00f3n primaria, a trav\u00e9s de una\u00a0moci\u00f3n\u00a0presentada para su debate y aprobaci\u00f3n en el pr\u00f3ximo\u00a0Pleno Municipal de Bilbao que se celebrar\u00e1 el 28 de enero. Asimismo, invitamos a apoyar las movilizaciones organizadas por los sindicatos en defensa de la Sanidad P\u00fablica el pr\u00f3ximo 21 de enero y durante la jornada de huelga del 28 de enero. Por \u00faltimo, convocamos a los medios de comunicaci\u00f3n a una\u00a0rueda de prensa el pr\u00f3ximo 23 de enero a las 11:30 en el ambulatorio de Deusto\u00a0y hacemos un llamamiento a la ciudadan\u00eda para acudir a la\u00a0manifestaci\u00f3n contra el cierre del PAC de Deusto y en defensa de la Atenci\u00f3n Primaria de Osakidetza convocada por parte de representantes del personal sanitario del PAC de Deusto,\u00a0Osalde, Bilboko Elkartasun Sareak, Lehen Arreta Arnasberritzen, LAB, SATSE, ELA, CCOO, UGT, y ESK y la FAVB-BAEF,\u00a0el s\u00e1bado 6 de febrero, a las 12:00, desde la delegaci\u00f3n del Gobierno Vasco en Bilbao.<\/p>\n","protected":false},"excerpt":{"rendered":"<p>Representantes del personal sanitario del PAC de Deusto, Osalde, Bilboko Elkartasun Sareak, Lehen Arreta Arnasberritzen, LAB, SATSE, ELA, CCOO, UGT, ESK y la FAVB-BAEF llamamos a la ciudadan\u00eda a movilizarse el 6 de febrero en defensa de la Atenci\u00f3n Primaria de Osakidetza y contra los recortes.<\/p>\n","protected":false},"author":1189,"featured_media":30337,"comment_status":"closed","ping_status":"closed","sticky":false,"template":"","format":"standard","meta":{"_monsterinsights_skip_tracking":false,"_monsterinsights_sitenote_active":false,"_monsterinsights_sitenote_note":"","_monsterinsights_sitenote_category":0,"footnotes":"","_links_to":"","_links_to_target":""},"categories":[3126,3097,6],"tags":[3195,3100,3171],"class_list":{"0":"post-30338","1":"post","2":"type-post","3":"status-publish","4":"format-standard","5":"has-post-thumbnail","7":"category-sanidad-es","8":"category-sanidad","9":"category-es-servicios-publicos","10":"tag-osakidetza-es","11":"tag-sanidad-es","12":"tag-servicios-publicos-es"},"_links":{"self":[{"href":"https:\/\/www.lab.eus\/es\/wp-json\/wp\/v2\/posts\/30338","targetHints":{"allow":["GET"]}}],"collection":[{"href":"https:\/\/www.lab.eus\/es\/wp-json\/wp\/v2\/posts"}],"about":[{"href":"https:\/\/www.lab.eus\/es\/wp-json\/wp\/v2\/types\/post"}],"author":[{"embeddable":true,"href":"https:\/\/www.lab.eus\/es\/wp-json\/wp\/v2\/users\/1189"}],"replies":[{"embeddable":true,"href":"https:\/\/www.lab.eus\/es\/wp-json\/wp\/v2\/comments?post=30338"}],"version-history":[{"count":0,"href":"https:\/\/www.lab.eus\/es\/wp-json\/wp\/v2\/posts\/30338\/revisions"}],"wp:featuredmedia":[{"embeddable":true,"href":"https:\/\/www.lab.eus\/es\/wp-json\/wp\/v2\/media\/30337"}],"wp:attachment":[{"href":"https:\/\/www.lab.eus\/es\/wp-json\/wp\/v2\/media?parent=30338"}],"wp:term":[{"taxonomy":"category","embeddable":true,"href":"https:\/\/www.lab.eus\/es\/wp-json\/wp\/v2\/categories?post=30338"},{"taxonomy":"post_tag","embeddable":true,"href":"https:\/\/www.lab.eus\/es\/wp-json\/wp\/v2\/tags?post=30338"}],"curies":[{"name":"wp","href":"https:\/\/api.w.org\/{rel}","templated":true}]}}