{"id":30331,"date":"2021-01-19T14:55:46","date_gmt":"2021-01-19T14:55:46","guid":{"rendered":"https:\/\/www.lab.eus\/?p=30331"},"modified":"2021-01-20T12:51:34","modified_gmt":"2021-01-20T12:51:34","slug":"apostamos-por-un-modelo-de-cuidados-totalmente-publico-universal-gratuito-de-calidad-y-de-gestion-directa","status":"publish","type":"post","link":"https:\/\/www.lab.eus\/es\/apostamos-por-un-modelo-de-cuidados-totalmente-publico-universal-gratuito-de-calidad-y-de-gestion-directa\/","title":{"rendered":"Apostamos por un modelo de cuidados totalmente p\u00fablico, universal, gratuito, de calidad y de gesti\u00f3n directa"},"content":{"rendered":"\n<p>Desde el sindicato LAB queremos mostrar nuestra adhesi\u00f3n a la movilizaci\u00f3n convocada por el Movimiento de Pensionistas de Bizkaia y la Asociaci\u00f3n BABESTU para ma\u00f1ana mi\u00e9rcoles d\u00eda 20 de enero a las 17 horas en la Plaza El\u00edptica de Bilbao. Una vez m\u00e1s queremos poner en valor la intervenci\u00f3n sociopol\u00edtica de ambos movimientos; en la organizaci\u00f3n y la movilizaci\u00f3n se encuentra la soluci\u00f3n.<\/p>\n\n\n\n<p>Al comienzo de la pandemia, la excusa era la falta de Equipos de Protecci\u00f3n Individual en los centros residenciales de la tercera edad. Posteriormente, la dotaci\u00f3n suficiente de Equipos de Protecci\u00f3n Individual y la implantaci\u00f3n de planes de contingencia no impidieron que el virus penetrase con virulencia en la red de centres residenciales de la tercera edad. Una vez m\u00e1s, recordar con dolor y denunciar con enfado que el 40% de las personas fallecidas en la CAV y el 70% en Nafarroa eran personas usuarias de centros de la tercera edad. Esto es, ser una persona usuaria de la red p\u00fablica de servicios sociales ha sido el primer factor de riesgo.<\/p>\n\n\n\n<p>Los \u00faltimos brotes y la magnitud de los mismos ponen en cuesti\u00f3n la eficacia de los planes de contingencia y por lo tanto la gesti\u00f3n que est\u00e1n realizando los responsables de los centros residenciales. Los supuestos planes de contingencia y el conjunto de medidas preventivas tienen como base la actual y generalizada insuficiencia de personal. La misma, provoca un aumento ya insostenible de la carga de trabajo y por lo tanto resiente a\u00fan m\u00e1s la calidad asistencial.<\/p>\n\n\n\n<p>La mentira, la falta de honradez y el desentendimiento son las cualidades adecuadas de los responsables p\u00fablicos del actual modelo de cuidados en Bizkaia, Sergio Murillo y Unai Rementer\u00eda. La \u00fanica ense\u00f1anza de la pandemia es la necesidad indemorable de superar el actual de modelo y edificar un modelo de cuidados totalmente p\u00fablico, universal, gratuito, de calidad y de gesti\u00f3n directa.<\/p>\n\n\n\n<p>LAB reitera que en esta situaci\u00f3n es necesario aunar fuerzas desde un trabajo de colaboraci\u00f3n, entre personas trabajadoras y personas usuarias hasta la consecuci\u00f3n de otro sistema de cuidados. Ello, en par\u00e1metros de movilizaci\u00f3n sociosindical. En estos t\u00e9rminos, nos adherimos a la movilizaci\u00f3n convocada por el movimiento de pensionistas y la Asociaci\u00f3n BABESTU, como parte de la din\u00e1mica que tendr\u00e1 como punto de inflexi\u00f3n la huelga convocada por el conjunto de sindicatos para el d\u00eda 26 de enero.<\/p>\n","protected":false},"excerpt":{"rendered":"<p>Desde el sindicato LAB queremos mostrar nuestra adhesi\u00f3n a la movilizaci\u00f3n convocada por el Movimiento de Pensionistas de Bizkaia y la Asociaci\u00f3n BABESTU para ma\u00f1ana mi\u00e9rcoles d\u00eda 20 de enero a las 17 horas en la Plaza El\u00edptica de Bilbao. Una vez m\u00e1s queremos poner en valor la intervenci\u00f3n sociopol\u00edtica de ambos movimientos; en la organizaci\u00f3n y la movilizaci\u00f3n se encuentra la soluci\u00f3n.<\/p>\n","protected":false},"author":1189,"featured_media":30330,"comment_status":"closed","ping_status":"closed","sticky":false,"template":"","format":"standard","meta":{"_monsterinsights_skip_tracking":false,"_monsterinsights_sitenote_active":false,"_monsterinsights_sitenote_note":"","_monsterinsights_sitenote_category":0,"footnotes":"","_links_to":"","_links_to_target":""},"categories":[3000,6],"tags":[3217,3171,3419,3420],"class_list":{"0":"post-30331","1":"post","2":"type-post","3":"status-publish","4":"format-standard","5":"has-post-thumbnail","7":"category-servicio-sociocomunitario","8":"category-es-servicios-publicos","9":"tag-servicios-sociocomunitarios","10":"tag-servicios-publicos-es","11":"tag-zaintza-aitortu-es","12":"tag-zaintza-zaindu-es"},"_links":{"self":[{"href":"https:\/\/www.lab.eus\/es\/wp-json\/wp\/v2\/posts\/30331","targetHints":{"allow":["GET"]}}],"collection":[{"href":"https:\/\/www.lab.eus\/es\/wp-json\/wp\/v2\/posts"}],"about":[{"href":"https:\/\/www.lab.eus\/es\/wp-json\/wp\/v2\/types\/post"}],"author":[{"embeddable":true,"href":"https:\/\/www.lab.eus\/es\/wp-json\/wp\/v2\/users\/1189"}],"replies":[{"embeddable":true,"href":"https:\/\/www.lab.eus\/es\/wp-json\/wp\/v2\/comments?post=30331"}],"version-history":[{"count":0,"href":"https:\/\/www.lab.eus\/es\/wp-json\/wp\/v2\/posts\/30331\/revisions"}],"wp:featuredmedia":[{"embeddable":true,"href":"https:\/\/www.lab.eus\/es\/wp-json\/wp\/v2\/media\/30330"}],"wp:attachment":[{"href":"https:\/\/www.lab.eus\/es\/wp-json\/wp\/v2\/media?parent=30331"}],"wp:term":[{"taxonomy":"category","embeddable":true,"href":"https:\/\/www.lab.eus\/es\/wp-json\/wp\/v2\/categories?post=30331"},{"taxonomy":"post_tag","embeddable":true,"href":"https:\/\/www.lab.eus\/es\/wp-json\/wp\/v2\/tags?post=30331"}],"curies":[{"name":"wp","href":"https:\/\/api.w.org\/{rel}","templated":true}]}}