{"id":30300,"date":"2021-01-19T10:41:49","date_gmt":"2021-01-19T10:41:49","guid":{"rendered":"https:\/\/www.lab.eus\/?p=30300"},"modified":"2021-01-19T10:41:51","modified_gmt":"2021-01-19T10:41:51","slug":"solo-nos-queda-seguir-con-las-dinamicas-de-movilizacion-y-huelga-en-el-consorcio-haurreskolak","status":"publish","type":"post","link":"https:\/\/www.lab.eus\/es\/solo-nos-queda-seguir-con-las-dinamicas-de-movilizacion-y-huelga-en-el-consorcio-haurreskolak\/","title":{"rendered":"Solo nos queda seguir con las din\u00e1micas de movilizaci\u00f3n y huelga en el Consorcio Haurreskolak"},"content":{"rendered":"\n<p>Ante la falta de voluntad negociadora del Consorcio Haurreskolak y Departamento de Educaci\u00f3n de la CAV, as\u00ed como la toma de decisiones unilaterales que deterioran las condiciones laborales de las trabajadoras y trabajadores, y ponen en riesgo el futuro del propio Consorcio Haurreskolak, los sindicatos LAB, STEILAS y ELA no tenemos otra alternativa que convocar nuevas jornadas de huelga y movilizaciones. As\u00ed lo hemos hecho saber en la comparecencia realizada en Bilbo.<\/p>\n\n\n\n<p>Los sindicatos LAB, STEILAS y ELA pedimos al departamento de Educaci\u00f3n de la CAV que hable con claridad sobre el futuro de las Haurreskolak. De hecho, tras las huelgas y movilizaciones del 10 y 16 de diciembre, convocaron una reuni\u00f3n el 22 de diciembre, de la que salimos con m\u00e1s, y m\u00e1s graves, dudas y preocupaciones sobre el futuro de las Haurreskolak que las que ya ten\u00edamos. Hay que se\u00f1alar que a esta reuni\u00f3n asistieron, por primera vez, representantes del departamento de Educaci\u00f3n del Gobierno Vasco.<\/p>\n\n\n\n<p>Queremos subrayar que la reuni\u00f3n se llev\u00f3 a cabo con el orden del d\u00eda impuesto por el Departamento de Educaci\u00f3n y el Consorcio Haurreskolak. No dedicaron ni un punto a las cuestiones que reivindic\u00e1bamos en nuestras convocatorias de huelga de diciembre, a pesar de que previamente y de manera expresa les hab\u00edamos pedido que las incluyeran.<\/p>\n\n\n\n<p>Su intenci\u00f3n es revisar unilateralmente el preacuerdo del personal de gesti\u00f3n, por lo que no presentaron ninguna documentaci\u00f3n de negociaci\u00f3n. Aunque este preacuerdo se firm\u00f3 hace un a\u00f1o, todav\u00eda no se ha cumplido. Adem\u00e1s, nos comunicaron, que el del Consorcio Haurreskolak&nbsp;es el \u00fanico que no est\u00e1 en vigor entre los&nbsp;&nbsp;acuerdos firmadoS tras la larga din\u00e1mica de movilizaciones en todos los colectivos de la ense\u00f1anza p\u00fablica de 2018.<\/p>\n\n\n\n<p>Con todo ello cuestionan desde la creaci\u00f3n del Consorcio Haurreskolak en 2003, al Departamento de Educaci\u00f3n, las diferentes Juntas Directivas del Consorcio Haurreskolak y la parte social, as\u00ed como la gesti\u00f3n de la anterior gerente. Adem\u00e1s, sin ning\u00fan pudor, cuestionan la legitimidad jur\u00eddica de todos los acuerdos pactados tras la firma del convenio de 2009.<\/p>\n\n\n\n<p>Por si todo esto fuera poco, nos preocupan enormemente las declaraciones realizadas en la misma reuni\u00f3n del 22 de diciembre sobre el futuro del Consorcio Haurreskolak. Entre otras cosas, se puso en duda la supervivencia de las haurreskolas m\u00e1s peque\u00f1as, sin tener en cuenta que el Consorcio Haurreskolak se cre\u00f3 en un contexto de impulso de las zonas rurales.<\/p>\n\n\n\n<p>\u00bfD\u00f3nde ha quedado la petici\u00f3n que hizo el Parlamento Vasco al Gobierno Vasco para que adaptara el sistema de bonificaciones del Consorcio Haurreskolak, para adecuar las cuotas que tienen que pagar las familias a las que se han deteriorado las condiciones econ\u00f3micas en la nueva situaci\u00f3n que viven a consecuencia de la pandemia,? \u00bfY los pasos&nbsp;pedidoshacia la gratuidad total?<\/p>\n\n\n\n<p>Los sindicatos que estamos aqu\u00ed tenemos claro que necesitamos un proceso de consolidaci\u00f3n que estabilice los puestos de trabajo y rebajar la tasa de temporalidad del empleo del Consorcio Haurreskolak. El futuro del Consorcio Haurreskolak pasar\u00e1, asimismo, por la integraci\u00f3n en el Departamento de Educaci\u00f3n y su gratuidad. Porque ya es hora de reconocer el primer ciclo de&nbsp;Educaci\u00f3n Infantil (0-3).<\/p>\n\n\n\n<p>Por lo tanto, queremos denunciar el ataque directo a la negociaci\u00f3n colectiva y el intento de obstaculizar la labor de la parte social. Queremos dejar claro que a lo largo de los a\u00f1os seguiremos con el trabajo en defensa de la calidad educativa conseguido en el Consorcio Haurreskolak y en defensa de las mejoras de las condiciones laborales logradas por el personal a trav\u00e9s de movilizaciones.<\/p>\n\n\n\n<figure class=\"wp-block-image size-large\"><img loading=\"lazy\" decoding=\"async\" width=\"724\" height=\"1024\" src=\"https:\/\/www.lab.eus\/wp-content\/uploads\/2021\/01\/Haurreskolak-724x1024.jpg\" alt=\"\" class=\"wp-image-30306\" srcset=\"https:\/\/www.lab.eus\/wp-content\/uploads\/2021\/01\/Haurreskolak-724x1024.jpg 724w, https:\/\/www.lab.eus\/wp-content\/uploads\/2021\/01\/Haurreskolak-212x300.jpg 212w, https:\/\/www.lab.eus\/wp-content\/uploads\/2021\/01\/Haurreskolak-768x1087.jpg 768w, https:\/\/www.lab.eus\/wp-content\/uploads\/2021\/01\/Haurreskolak-1086x1536.jpg 1086w, https:\/\/www.lab.eus\/wp-content\/uploads\/2021\/01\/Haurreskolak-1448x2048.jpg 1448w, https:\/\/www.lab.eus\/wp-content\/uploads\/2021\/01\/Haurreskolak-150x212.jpg 150w, https:\/\/www.lab.eus\/wp-content\/uploads\/2021\/01\/Haurreskolak-300x424.jpg 300w, https:\/\/www.lab.eus\/wp-content\/uploads\/2021\/01\/Haurreskolak-696x985.jpg 696w, https:\/\/www.lab.eus\/wp-content\/uploads\/2021\/01\/Haurreskolak-1068x1511.jpg 1068w, https:\/\/www.lab.eus\/wp-content\/uploads\/2021\/01\/Haurreskolak-297x420.jpg 297w, https:\/\/www.lab.eus\/wp-content\/uploads\/2021\/01\/Haurreskolak.jpg 1753w\" sizes=\"auto, (max-width: 724px) 100vw, 724px\" \/><\/figure>\n\n\n\n<p>Los sindicatos LAB, Steilas y ELA queremos mostrar a las trabajadoras y trabajadores, as\u00ed como a la sociedad, la gravedad de la situaci\u00f3n y la necesidad de continuar con la din\u00e1mica de movilizaciones. En consecuencia, convocamos a las trabajadoras y trabajadores&nbsp;&nbsp;del Consorcio Haurreskolak los d\u00edas 25 y 27 de enero y 22, 23 y 24 de febrero de 2021 a la huelga en defensa de las siguientes demandas:<\/p>\n\n\n\n<p>&#8211; Gratuidad e integraci\u00f3n del Consorcio Haurreskolak en el departamento de Educaci\u00f3n.<\/p>\n\n\n\n<p>-Respeto y cumplimiento de los acuerdos existentes.<\/p>\n\n\n\n<p>-Puesta en marcha de la negociaci\u00f3n del nuevo convenio.<\/p>\n\n\n\n<p>-Acabar con la tasa de temporalidad de los trabajadores, estabilizando&nbsp;<s>sus<\/s>los puestos de trabajo.<\/p>\n\n\n\n<p>-Incorporaci\u00f3n del Consorcio Haurreskolak en la provisi\u00f3n de Equipamientos de Protecci\u00f3n Individual que realiza Osakidetza en la ense\u00f1anza p\u00fablica.<\/p>\n\n\n\n<p>-Aumento del presupuesto.<\/p>\n\n\n\n<p>Para terminar, llamamos a las trabajadoras y trabajadores, familias, partidos pol\u00edticos y ayuntamientos del Consorcio Haurreskolak a sumarse a las reivindicaciones en favor del desarrollo de este servicio p\u00fablico, tal y como hicieron en las huelgas del 10 y 16 de diciembre en diferentes localidades.<\/p>\n","protected":false},"excerpt":{"rendered":"<p>Ante la falta de voluntad negociadora del Consorcio Haurreskolak y Departamento de Educaci\u00f3n de la CAV, as\u00ed como la toma de decisiones unilaterales que deterioran las condiciones laborales de las trabajadoras y trabajadores, y ponen en riesgo el futuro del propio Consorcio Haurreskolak, los sindicatos llamamos a las trabajadoras y trabajadores a la huelga los d\u00edas 25 y 27 de enero y 22, 23 y 24 de febrero de 2021. As\u00ed lo hemos hecho saber en la comparecencia realizada en Bilbo.<\/p>\n","protected":false},"author":1189,"featured_media":30304,"comment_status":"closed","ping_status":"closed","sticky":false,"template":"","format":"standard","meta":{"_monsterinsights_skip_tracking":false,"_monsterinsights_sitenote_active":false,"_monsterinsights_sitenote_note":"","_monsterinsights_sitenote_category":0,"footnotes":"","_links_to":"","_links_to_target":""},"categories":[18,33,3054,6,3283],"tags":[3033,3178,3194,3171],"class_list":{"0":"post-30300","1":"post","2":"type-post","3":"status-publish","4":"format-standard","5":"has-post-thumbnail","7":"category-es-accion-sindical","8":"category-es-ensenanza","9":"category-haur-eskola","10":"category-es-servicios-publicos","11":"category-sin-categorizar","12":"tag-accion-sindical-es","13":"tag-destacado-1","14":"tag-ensenanza-es","15":"tag-servicios-publicos-es"},"_links":{"self":[{"href":"https:\/\/www.lab.eus\/es\/wp-json\/wp\/v2\/posts\/30300","targetHints":{"allow":["GET"]}}],"collection":[{"href":"https:\/\/www.lab.eus\/es\/wp-json\/wp\/v2\/posts"}],"about":[{"href":"https:\/\/www.lab.eus\/es\/wp-json\/wp\/v2\/types\/post"}],"author":[{"embeddable":true,"href":"https:\/\/www.lab.eus\/es\/wp-json\/wp\/v2\/users\/1189"}],"replies":[{"embeddable":true,"href":"https:\/\/www.lab.eus\/es\/wp-json\/wp\/v2\/comments?post=30300"}],"version-history":[{"count":0,"href":"https:\/\/www.lab.eus\/es\/wp-json\/wp\/v2\/posts\/30300\/revisions"}],"wp:featuredmedia":[{"embeddable":true,"href":"https:\/\/www.lab.eus\/es\/wp-json\/wp\/v2\/media\/30304"}],"wp:attachment":[{"href":"https:\/\/www.lab.eus\/es\/wp-json\/wp\/v2\/media?parent=30300"}],"wp:term":[{"taxonomy":"category","embeddable":true,"href":"https:\/\/www.lab.eus\/es\/wp-json\/wp\/v2\/categories?post=30300"},{"taxonomy":"post_tag","embeddable":true,"href":"https:\/\/www.lab.eus\/es\/wp-json\/wp\/v2\/tags?post=30300"}],"curies":[{"name":"wp","href":"https:\/\/api.w.org\/{rel}","templated":true}]}}