{"id":30294,"date":"2021-01-19T10:02:04","date_gmt":"2021-01-19T10:02:04","guid":{"rendered":"https:\/\/www.lab.eus\/?p=30294"},"modified":"2021-01-19T10:02:06","modified_gmt":"2021-01-19T10:02:06","slug":"el-reconocimiento-de-la-relacion-laboral-de-las-y-los-trabajadores-de-glovo-debe-ser-un-primer-paso-de-cara-a-mejorar-las-condiciones-de-trabajo-del-sector","status":"publish","type":"post","link":"https:\/\/www.lab.eus\/es\/el-reconocimiento-de-la-relacion-laboral-de-las-y-los-trabajadores-de-glovo-debe-ser-un-primer-paso-de-cara-a-mejorar-las-condiciones-de-trabajo-del-sector\/","title":{"rendered":"El reconocimiento de la relaci\u00f3n laboral de las y los trabajadores de Glovo debe ser un primer paso de cara a mejorar las condiciones de trabajo del sector"},"content":{"rendered":"\n<p>Han comenzado los actos preparatorios del macro juicio de la Seguridad Social contra Glovo. De esta manera, han llamado a todas las personas citadas para que designen representaci\u00f3n. En este sentido, LAB se ha personado en nombre de algunos y algunas trabajadoras y ha realizado una movilizaci\u00f3n de apoyo ante los juzgados en Bilbo.<\/p>\n\n\n\n<p>El juicio colectivo de las y los trabajadores de Glovo de Bizkaia est\u00e1 cada vez m\u00e1s cerca. Esta semana las y los trabajadores citados en dicho juicio han sido convocados para designar su representaci\u00f3n de cara al mismo. M\u00e1s de 200 trabajadoras y trabajadores est\u00e1n llamados al juicio colectivo auspiciado por Inspecci\u00f3n de Trabajo, por lo que nos encontramos ante un punto crucial en la lucha por el reconocimiento de la laboralidad en el sector. En ese sentido, desde el sindicato queremos anunciar que nos personaremos como defensa de algunos de las y los numerosos trabajadores llamados a juicio y nos reafirmamos en el trabajo que hemos llevado a cabo en los \u00faltimos a\u00f1os con las y los trabajadores de Glovo. Tal y como ha sentenciado el Tribunal Supremo as\u00ed como otros Tribunales de Justicia de otras partes del Estado, no cabe otra sentencia que el reconocimiento de la relaci\u00f3n laboral.<\/p>\n\n\n\n<p>M\u00e1s all\u00e1 de la realidad de Bizkaia, en Nafarroa tambi\u00e9n es inminente la celebraci\u00f3n del juicio colectivo. Desde la Secci\u00f3n Sindical constituida en Glovo en Iru\u00f1ea se est\u00e1 profundizando, asimismo, en la autoorganizaci\u00f3n de la y los trabajadores del sector. En Donostia y en Gasteiz tambi\u00e9n se han habilitado espacios y marcos espec\u00edficos para compartir informaci\u00f3n con trabajadoras y trabajadores del sector. En Gasteiz, en concreto, la siguiente asamblea se realizar\u00e1 el 27 de enero, a las 16.30, en la sede del sindicato.<\/p>\n\n\n\n<p>Tenemos claro que la lucha no ha hecho m\u00e1s que comenzar. El reconocimiento de la laboralidad solo debe de ser un primer paso de cara a mejorar las condiciones de trabajo del sector. Devoluci\u00f3n de las cuotas de aut\u00f3nomas y aut\u00f3nomos, horarios, salario, garant\u00edas de salud laboral\u2026 desde LAB creemos necesario ir estableciendo cara a futuro una din\u00e1mica permanente de organizaci\u00f3n y lucha en el marco de Euskal Herria para ir conquistando esos derechos.<\/p>\n\n\n\n<p>Sin embargo, esta lucha no es solo de las y los trabajadores citados en el juicio colectivo. El fen\u00f3meno de la uberizaci\u00f3n y por lo tanto, de la proliferaci\u00f3n de este tipo de relaciones laborales en otras plataformas digitales ataca directamente al conjunto de los derechos de la clase trabajadora. Demandamos al Gobierno Vasco, Gobierno de Navarra y al Gobierno del Estado la aplicaci\u00f3n del r\u00e9gimen general laboral a este tipo de empresas y sus trabajadoras y trabajadores, as\u00ed como que refuercen las inspecci\u00f3n de trabajo y otra serie de mecanismos para control el fraude de este tipo de empresas.<\/p>\n\n\n\n<p>Desde LAB seguiremos luchando, como hemos hecho hasta ahora, a favor de los derechos laborales de todas y todos los trabajadores de plataformas digitales tanto en los juzgados como en la calle. Vamos a seguir dando la batalla contra la uberizaci\u00f3n en las empresas y contra la figura de falsos aut\u00f3nomos.<\/p>\n","protected":false},"excerpt":{"rendered":"<p>Han comenzado los actos preparatorios del macro juicio de la Seguridad Social contra Glovo. De esta manera, han llamado a todas las personas citadas para que designen representaci\u00f3n. En este sentido, LAB se ha personado en nombre de algunos y algunas trabajadoras y ha realizado una movilizaci\u00f3n de apoyo ante los juzgados.<\/p>\n","protected":false},"author":1189,"featured_media":30292,"comment_status":"closed","ping_status":"closed","sticky":false,"template":"","format":"standard","meta":{"_monsterinsights_skip_tracking":false,"_monsterinsights_sitenote_active":false,"_monsterinsights_sitenote_note":"","_monsterinsights_sitenote_category":0,"footnotes":"","_links_to":"","_links_to_target":""},"categories":[18,8,3283],"tags":[3178,3172],"class_list":{"0":"post-30294","1":"post","2":"type-post","3":"status-publish","4":"format-standard","5":"has-post-thumbnail","7":"category-es-accion-sindical","8":"category-es-servicios-privados","9":"category-sin-categorizar","10":"tag-destacado-1","11":"tag-servicios-privados-es"},"_links":{"self":[{"href":"https:\/\/www.lab.eus\/es\/wp-json\/wp\/v2\/posts\/30294","targetHints":{"allow":["GET"]}}],"collection":[{"href":"https:\/\/www.lab.eus\/es\/wp-json\/wp\/v2\/posts"}],"about":[{"href":"https:\/\/www.lab.eus\/es\/wp-json\/wp\/v2\/types\/post"}],"author":[{"embeddable":true,"href":"https:\/\/www.lab.eus\/es\/wp-json\/wp\/v2\/users\/1189"}],"replies":[{"embeddable":true,"href":"https:\/\/www.lab.eus\/es\/wp-json\/wp\/v2\/comments?post=30294"}],"version-history":[{"count":0,"href":"https:\/\/www.lab.eus\/es\/wp-json\/wp\/v2\/posts\/30294\/revisions"}],"wp:featuredmedia":[{"embeddable":true,"href":"https:\/\/www.lab.eus\/es\/wp-json\/wp\/v2\/media\/30292"}],"wp:attachment":[{"href":"https:\/\/www.lab.eus\/es\/wp-json\/wp\/v2\/media?parent=30294"}],"wp:term":[{"taxonomy":"category","embeddable":true,"href":"https:\/\/www.lab.eus\/es\/wp-json\/wp\/v2\/categories?post=30294"},{"taxonomy":"post_tag","embeddable":true,"href":"https:\/\/www.lab.eus\/es\/wp-json\/wp\/v2\/tags?post=30294"}],"curies":[{"name":"wp","href":"https:\/\/api.w.org\/{rel}","templated":true}]}}